{"id":234896,"date":"2020-03-11T11:14:31","date_gmt":"2020-03-11T14:14:31","guid":{"rendered":"http:\/\/www.cnbb.org.br\/?p=234896"},"modified":"2020-09-08T14:11:18","modified_gmt":"2020-09-08T17:11:18","slug":"campanha-da-fraternidade-2020-2","status":"publish","type":"post","link":"https:\/\/www.cnbb.org.br\/campanha-da-fraternidade-2020-2\/","title":{"rendered":"Campanha da Fraternidade 2020"},"content":{"rendered":"<p style=\"text-align: right\"><strong>Dom Eurico dos Santos Veloso<\/strong><br \/>\n<strong>Arcebispo Em\u00e9rito de Juiz de Fora (MG)<\/strong><\/p>\n<p>&nbsp;<\/p>\n<p style=\"text-align: justify\">CAMPANHA DA FRATERNIDADE 2020<\/p>\n<p style=\"text-align: justify\">FRATERNIDADE E VIDA: DOM E COMPROMISSO<\/p>\n<p style=\"text-align: justify\">O Tempo Quaresmal \u2013 tempo de reflex\u00e3o, tempo de ora\u00e7\u00e3o, de jejum e convers\u00e3o \u2013 nos convida a vivenciar al\u00e9m das nossas particularidades e, a Igreja no Brasil, nos incentiva a sair de nossas zonas de conforto para refletir sobre temas de nossa realidade e atualidade das quais, tamb\u00e9m, necessitamos de convers\u00e3o nos pensamentos e a\u00e7\u00f5es perante a estes enfoques. Assim, a Campanha da Fraternidade 2020 nos convida a refletir sobre a VIDA, o DOM e COMPROMISSO que todos n\u00f3s somos inseridos a vivenciar.<\/p>\n<p style=\"text-align: justify\">Ao desdobrar sobre este tema, o lema \u201cViu, sentiu compaix\u00e3o e cuidou dele\u201d (Lc 10,33-34), passagem b\u00edblica t\u00e3o conhecida por n\u00f3s do \u201cBom Samaritano\u201d, em que denuncia a indiferen\u00e7a pelo pr\u00f3ximo por aqueles que deveriam ser exemplo (o sacerdote e o levita); e a postura inesperada do samaritano onde a \u201ccompaix\u00e3o nasceu do seu modo diferente de olhar, do seu modo diferente de perceber aquela realidade\u201d (cf. CF 2020, \u00a77).<\/p>\n<p style=\"text-align: justify\">Com isto, no faz refletir em que, \u201cn\u00e3o se deve questionar quem \u00e9 o destinat\u00e1rio do amor. Importa identificar quem deve amar e n\u00e3o tanto quem deve ser amado, pois todos devem ser amados, sem distin\u00e7\u00e3o. N\u00e3o importa quem \u00e9 o pr\u00f3ximo. Importa quem, por compaix\u00e3o, se torna pr\u00f3ximo do outro\u201d (Lc 10,36) (cf. CF 2020, \u00a78). Afinal, em tempos em que a indiferen\u00e7a e o ego\u00edsmo imperam em nossa sociedade, segue o desafio para n\u00f3s crist\u00e3os \u201csairmos de nossa aliena\u00e7\u00e3o existencial causada pelo pecado\u201d (cf. CF 2020, \u00a716) e buscar um olhar que se comprometa com o DOM da VIDA, com a busca incessante do objetivo geral da CF 2020: \u201cConscientizar, \u00e0 luz da Palavra de Deus, para o sentido da vida como Dom e Compromisso, que se traduz em rela\u00e7\u00f5es de m\u00fatuo cuidado entre as pessoas, na fam\u00edlia, na comunidade, na sociedade e no planeta, nossa Casa Comum.\u201d<\/p>\n<p style=\"text-align: justify\">Ora, o olhar no pr\u00f3ximo \u00e9 transmitido com as a\u00e7\u00f5es vindas do cora\u00e7\u00e3o e vivenciando os mandamentos do amor: \u201cAmar\u00e1s o Senhor teu Deus de todo o teu cora\u00e7\u00e3o, de toda a tua alma, e de todo o teu entendimento! Amar\u00e1s ao teu pr\u00f3ximo como a ti mesmo\u201d (Mt 22, 37; 39) e \u201cUm novo mandamento vos dou: Que vos ameis uns aos outros; como eu vos amei a v\u00f3s, que tamb\u00e9m v\u00f3s uns aos outros vos ameis\u201d (Jo 13, 34). Portanto, os elos comunit\u00e1rios devem ser refor\u00e7ados a todo momento, retirando qualquer meio que o INDIVIDUALISMO e a INDIFEREN\u00c7A tornam-se empecilhos em nossa sociedade para vivenciar o AMOR, sufocado pelo ego\u00edsmo, pelos aspectos econ\u00f4micos-pol\u00edticos-sociais que, tamb\u00e9m, interferem na propaga\u00e7\u00e3o de uma sociedade cada vez mais injusta e desumana, onde os mais pobres, aqueles que necessitam de mais amor, sofrem pelo devido desequil\u00edbrio devido a incapacidade do Estado de exercer o seu maior papel: o guardi\u00e3o da vida.<\/p>\n<p style=\"text-align: justify\">Embora possa haver tanta desesperan\u00e7a e contrapontos que nos desanimem, Deus nos convida a sermos ousados, ser a diferen\u00e7a na sociedade, assim como os santos. E n\u00f3s, brasileiros e brasileiras, temos o maior exemplo de \u201cBoa Samaritana\u201d, a nossa amada Santa Dulce dos Pobres, o Anjo Bom da Bahia, que n\u00e3o mediu esfor\u00e7os em socorrer os mendigos, pobres e doentes; verdadeira imagem da samaritana. Assim: \u201cHoje, mais de vinte anos depois de sua p\u00e1scoa para a vida eterna, temos um grande modelo de santidade, com carisma mission\u00e1rio e cuidadoso, em nossas vidas. Vida doada \u00e9 vida santificada! Mulher corajosa, boa samaritana no meio em que viveu. Irm\u00e3 Dulce \u00e9 hoje para n\u00f3s exemplo de f\u00e9, amor, cuidado com a vida e compromisso crist\u00e3o com aqueles que mais necessitam.\u201d (PASSARELLI, Gaetano. Irm\u00e3 Dulce: o anjo bom da Bahia. 3.ed. S\u00e3o Paulo: Paulinas, 2012).<\/p>\n<p style=\"text-align: justify\">\u201c\u00c9 preciso que todos tenham f\u00e9 e esperan\u00e7a em um futuro melhor. O essencial \u00e9 confiar em Deus. O amor constr\u00f3i e solidifica.\u201d (Santa Dulce dos Pobres). Com estas palavras de incentivo daquela que viveu entre n\u00f3s e nos \u00e9<\/p>\n<p style=\"text-align: justify\">dado como modelo do amor para o pr\u00f3ximo, que neste tempo quaresmal seja o meio para a convers\u00e3o do ego\u00edsmo, individualismo ou indiferen\u00e7a que ainda possa habitar os nossos cora\u00e7\u00f5es e que v\u00e1 al\u00e9m destes quarentas dias em que a Campanha da Fraternidade \u00e9 vivenciada; perpetuando as a\u00e7\u00f5es do amor e para o amor at\u00e9 o retorno do Salvador, onde possamos ouvir da boca do pr\u00f3prio Cristo: \u201cVinde, benditos de meu Pai, possu\u00ed por heran\u00e7a o reino que vos est\u00e1 preparado desde a funda\u00e7\u00e3o do mundo; Porque tive fome, e destes-me de comer; tive sede, e destes-me de beber; era estrangeiro e hospedastes-me; Estava nu, e vestistes-me; adoeci, e visitastes-me; estive na pris\u00e3o, e foste me ver.\u201d (Mt 25, 34b \u2013 36). E que a Santa Dulce do Pobres, interceda a Deus por n\u00f3s para a continua\u00e7\u00e3o da constru\u00e7\u00e3o da civiliza\u00e7\u00e3o do amor!<\/p>\n<p style=\"text-align: justify\">Santa Dulce dos Pobres, rogai por n\u00f3s!<\/p>\n<p style=\"text-align: justify\">Sauda\u00e7\u00f5es em Cristo!<\/p>\n<p>&nbsp;    \t<\/p>\n","protected":false},"excerpt":{"rendered":"<p>Dom Eurico dos Santos Veloso Arcebispo Em\u00e9rito de Juiz de Fora (MG) &nbsp; CAMPANHA DA FRATERNIDADE 2020 FRATERNIDADE E VIDA: DOM E COMPROMISSO O Tempo Quaresmal \u2013 tempo de reflex\u00e3o, tempo de ora\u00e7\u00e3o, de jejum e convers\u00e3o \u2013 nos convida a vivenciar al\u00e9m das nossas particularidades e, a Igreja no Brasil, nos incentiva a sair &hellip;<\/p>\n<p class=\"read-more\"> <a class=\"\" href=\"https:\/\/www.cnbb.org.br\/campanha-da-fraternidade-2020-2\/\"> <span class=\"screen-reader-text\">Campanha da Fraternidade 2020<\/span> Leia mais &raquo;<\/a><\/p>\n","protected":false},"author":73,"featured_media":0,"comment_status":"closed","ping_status":"open","sticky":false,"template":"","format":"standard","meta":{"site-sidebar-layout":"default","site-content-layout":"default","ast-global-header-display":"","ast-banner-title-visibility":"","ast-main-header-display":"","ast-hfb-above-header-display":"","ast-hfb-below-header-display":"","ast-hfb-mobile-header-display":"","site-post-title":"","ast-breadcrumbs-content":"","ast-featured-img":"","footer-sml-layout":"","theme-transparent-header-meta":"","adv-header-id-meta":"","stick-header-meta":"","header-above-stick-meta":"","header-main-stick-meta":"","header-below-stick-meta":""},"categories":[758],"tags":[],"acf":[],"_links":{"self":[{"href":"https:\/\/www.cnbb.org.br\/cnbb-app\/wp\/v2\/posts\/234896"}],"collection":[{"href":"https:\/\/www.cnbb.org.br\/cnbb-app\/wp\/v2\/posts"}],"about":[{"href":"https:\/\/www.cnbb.org.br\/cnbb-app\/wp\/v2\/types\/post"}],"author":[{"embeddable":true,"href":"https:\/\/www.cnbb.org.br\/cnbb-app\/wp\/v2\/users\/73"}],"replies":[{"embeddable":true,"href":"https:\/\/www.cnbb.org.br\/cnbb-app\/wp\/v2\/comments?post=234896"}],"version-history":[{"count":0,"href":"https:\/\/www.cnbb.org.br\/cnbb-app\/wp\/v2\/posts\/234896\/revisions"}],"wp:attachment":[{"href":"https:\/\/www.cnbb.org.br\/cnbb-app\/wp\/v2\/media?parent=234896"}],"wp:term":[{"taxonomy":"category","embeddable":true,"href":"https:\/\/www.cnbb.org.br\/cnbb-app\/wp\/v2\/categories?post=234896"},{"taxonomy":"post_tag","embeddable":true,"href":"https:\/\/www.cnbb.org.br\/cnbb-app\/wp\/v2\/tags?post=234896"}],"curies":[{"name":"wp","href":"https:\/\/api.w.org\/{rel}","templated":true}]}}