{"id":234991,"date":"2020-03-12T13:25:39","date_gmt":"2020-03-12T16:25:39","guid":{"rendered":"https:\/\/www.cnbb.org.br\/?p=234991"},"modified":"2020-03-12T13:25:39","modified_gmt":"2020-03-12T16:25:39","slug":"presidencia-da-cnbb-faz-balanco-da-visita-a-roraima-onde-conheceu-de-perto-a-realidade-dos-migrantes-da-regiao","status":"publish","type":"post","link":"https:\/\/www.cnbb.org.br\/presidencia-da-cnbb-faz-balanco-da-visita-a-roraima-onde-conheceu-de-perto-a-realidade-dos-migrantes-da-regiao\/","title":{"rendered":"Presid\u00eancia da CNBB faz balan\u00e7o da visita a Roraima onde conheceu de perto a realidade dos migrantes da regi\u00e3o"},"content":{"rendered":"<p style=\"text-align: justify\">Termina nesta ter\u00e7a-feira, 12 de mar\u00e7o, a visita oficial que a presid\u00eancia da\u00a0Confer\u00eancia Nacional dos Bispos do Brasil (CNBB) fez a diocese de Roraima (RR) e \u00e0 divisa com a Venezuela para conhecer a realidade dos migrantes do pa\u00eds vizinho, o trabalho que a Igreja e o Governo brasileiros est\u00e3o realizando no estado.<\/p>\n<p style=\"text-align: justify\">A atual presid\u00eancia da CNBB \u00e9 composta pelo arcebispo de Belo Horizonte (MG), dom Walmor Oliveira de Azevedo, presidente da CNBB, o arcebispo de Porto Alegre (RS), dom Jaime Spengler, primeiro vice-presidente, o bispo de Roraima (RR), dom M\u00e1rio Ant\u00f4nio da Silva, segundo vice-presidente, e o bispo auxiliar do Rio de Janeiro (RJ) dom Joel Portella Amado, secret\u00e1rio-geral conheceram de perto durante quatro dias a realidade local. O arcebispo ordin\u00e1rio militar do Brasil, dom Fernando Jos\u00e9 Monteiro Guimar\u00e3es tamb\u00e9m integrou a comitiva.<\/p>\n<p style=\"text-align: justify\">O arcebispo de Belo Horizonte (MG) e presidente da CNBB, dom Walmor Oliveira de Azevedo, em coletiva de imprensa hoje, 12 de mar\u00e7o, disse que a avalia\u00e7\u00e3o da visita \u00e9 muito positiva porque permitiu ver de perto o sofrimento e dor e tudo que tem sido feito de bom pela Igreja, segmentos da sociedade, Minist\u00e9rio da Defesa, por meio do Ex\u00e9rcito Brasileiro. &#8220;Esta visita mostrou para n\u00f3s que diante da dor e do sofrimento, \u00e9 preciso que nos abramos e compreendamos de fato o problema para dar novas respostas&#8221;, disse.<\/p>\n<figure id=\"attachment_234996\" aria-describedby=\"caption-attachment-234996\" style=\"width: 900px\" class=\"wp-caption aligncenter\"><a href=\"https:\/\/www.cnbb.org.br\/presidencia-da-cnbb-faz-balanco-da-visita-a-roraima-para-conhecer-a-realidade-dos-migrantes-da-regiao\/foto-diocese-rr-5\/\" rel=\"attachment wp-att-234996\"><img decoding=\"async\" loading=\"lazy\" class=\"wp-image-234996 size-large\" src=\"https:\/\/www.cnbb.org.br\/wp-content\/uploads\/2020\/03\/FOTO-DIOCESE-RR-5-e1584029235924-1024x452.jpeg\" alt=\"\" width=\"900\" height=\"397\" srcset=\"https:\/\/www.cnbb.org.br\/wp-content\/uploads\/2020\/03\/FOTO-DIOCESE-RR-5-e1584029235924-1024x452.jpeg 1024w, https:\/\/www.cnbb.org.br\/wp-content\/uploads\/2020\/03\/FOTO-DIOCESE-RR-5-e1584029235924-300x132.jpeg 300w, https:\/\/www.cnbb.org.br\/wp-content\/uploads\/2020\/03\/FOTO-DIOCESE-RR-5-e1584029235924-768x339.jpeg 768w, https:\/\/www.cnbb.org.br\/wp-content\/uploads\/2020\/03\/FOTO-DIOCESE-RR-5-e1584029235924-500x221.jpeg 500w, https:\/\/www.cnbb.org.br\/wp-content\/uploads\/2020\/03\/FOTO-DIOCESE-RR-5-e1584029235924.jpeg 1276w\" sizes=\"(max-width: 900px) 100vw, 900px\" \/><\/a><figcaption id=\"caption-attachment-234996\" class=\"wp-caption-text\"><em>Foto: Celton Ramos\/Diocese de Roraima<\/em><\/figcaption><\/figure>\n<p style=\"text-align: justify\">O bispo auxiliar do Rio de Janeiro e secret\u00e1rio-geral da CNBB, dom Joel Portella Amado ressaltou que a CNBB vai continuar apoiando os projetos que j\u00e1 vem sendo realizados na regi\u00e3o e melhorar o que for preciso para que o processo permane\u00e7a e se poss\u00edvel se acelere.<\/p>\n<p style=\"text-align: justify\"><em>\u201cExistem protocolos que seguem a lei da Igreja e os que seguem a lei brasileira. Estes implicam na apresenta\u00e7\u00e3o de projetos e aqui muitas pessoas me perguntaram: &#8220;podemos apresentar projetos?&#8221;. Sim, naquilo que for poss\u00edvel haver\u00e1 ajuda financeira de projetos\u00a0 dessa regi\u00e3o. O que \u00e9 feito aqui ajuda e serve como modelo para muita coisa em termos de Brasil \u201d, apontou.<\/em><\/p>\n<figure id=\"attachment_234997\" aria-describedby=\"caption-attachment-234997\" style=\"width: 372px\" class=\"wp-caption alignleft\"><a href=\"https:\/\/www.cnbb.org.br\/presidencia-da-cnbb-faz-balanco-da-visita-a-roraima-para-conhecer-a-realidade-dos-migrantes-da-regiao\/foto-diocese-rr-4\/\" rel=\"attachment wp-att-234997\"><img decoding=\"async\" loading=\"lazy\" class=\"wp-image-234997\" src=\"https:\/\/www.cnbb.org.br\/wp-content\/uploads\/2020\/03\/FOTO-DIOCESE-RR-4-1024x683.jpeg\" alt=\"\" width=\"372\" height=\"248\" srcset=\"https:\/\/www.cnbb.org.br\/wp-content\/uploads\/2020\/03\/FOTO-DIOCESE-RR-4-1024x683.jpeg 1024w, https:\/\/www.cnbb.org.br\/wp-content\/uploads\/2020\/03\/FOTO-DIOCESE-RR-4-300x200.jpeg 300w, https:\/\/www.cnbb.org.br\/wp-content\/uploads\/2020\/03\/FOTO-DIOCESE-RR-4-768x512.jpeg 768w, https:\/\/www.cnbb.org.br\/wp-content\/uploads\/2020\/03\/FOTO-DIOCESE-RR-4-391x260.jpeg 391w, https:\/\/www.cnbb.org.br\/wp-content\/uploads\/2020\/03\/FOTO-DIOCESE-RR-4-500x333.jpeg 500w, https:\/\/www.cnbb.org.br\/wp-content\/uploads\/2020\/03\/FOTO-DIOCESE-RR-4.jpeg 1200w\" sizes=\"(max-width: 372px) 100vw, 372px\" \/><\/a><figcaption id=\"caption-attachment-234997\" class=\"wp-caption-text\"><em>Foto: Celton Ramos\/Diocese de Roraima<\/em><\/figcaption><\/figure>\n<p style=\"text-align: justify\">O bispo de Roraima (RR) e segundo vice-presidente da CNBB, dom M\u00e1rio Ant\u00f4nio da Silva, foi o anfitri\u00e3o da visita que al\u00e9m das institui\u00e7\u00f5es, estiveram com o bispo de Santa Elena de Uiar\u00e9n-Venezuela, dom Felipe Gonz\u00e1lez Gonz\u00e1lez, no munic\u00edpio de Caroni, na fronteira da Venezuela.<em>\u00a0<\/em><em>\u201cEle tem sido nosso parceiro como tem sido em todas as atividades\u201d, destacou.<\/em><\/p>\n<p style=\"text-align: justify\">Durante os quatro dias a comitiva da presid\u00eancia da CNBB visitou os postos de identifica\u00e7\u00e3o e triagem de venezuelanos, o Abrigo Rondon 3, a C\u00e1ritas e o Servi\u00e7o Pastoral dos Migrantes, o Projeto F\u00e9 e Alegria \u2013 servi\u00e7os dos Jesu\u00edtas a Migrantes e Refugiados, o Abrigo Ind\u00edgena, a Ocupa\u00e7\u00e3o Espont\u00e2nea Ka Ubanoko, no Joquei Clube, o Marco das Fronteiras, em Pacaraima, o Alojamento de Tr\u00e2nsito de Pacaraima BV \u2013 8, o Projeto Orinoco, Abrigo Ind\u00edgena de Pacaraima, o Projeto Canarinhos da Amaz\u00f4nia, o Instituto de Migra\u00e7\u00f5es e Direitos Humanos, Mexendo a Panela e o Centro de Migra\u00e7\u00f5es e Direitos Humanos.<\/p>\n","protected":false},"excerpt":{"rendered":"<p>O arcebispo de Belo Horizonte (MG) e presidente da CNBB, dom Walmor Oliveira de Azevedo, em coletiva de imprensa hoje, 12 de mar\u00e7o, disse que a avalia\u00e7\u00e3o da visita \u00e9 muito positiva porque permitiu ver de perto o sofrimento e dor e tudo que tem sido feito de bom pela Igreja, segmentos da sociedade e Minist\u00e9rio da Defesa<\/p>\n","protected":false},"author":83,"featured_media":235000,"comment_status":"closed","ping_status":"open","sticky":false,"template":"","format":"standard","meta":{"site-sidebar-layout":"default","site-content-layout":"default","ast-global-header-display":"","ast-banner-title-visibility":"","ast-main-header-display":"","ast-hfb-above-header-display":"","ast-hfb-below-header-display":"","ast-hfb-mobile-header-display":"","site-post-title":"","ast-breadcrumbs-content":"","ast-featured-img":"","footer-sml-layout":"","theme-transparent-header-meta":"","adv-header-id-meta":"","stick-header-meta":"","header-above-stick-meta":"","header-main-stick-meta":"","header-below-stick-meta":""},"categories":[797],"tags":[2262,2335],"acf":[],"_links":{"self":[{"href":"https:\/\/www.cnbb.org.br\/cnbb-app\/wp\/v2\/posts\/234991"}],"collection":[{"href":"https:\/\/www.cnbb.org.br\/cnbb-app\/wp\/v2\/posts"}],"about":[{"href":"https:\/\/www.cnbb.org.br\/cnbb-app\/wp\/v2\/types\/post"}],"author":[{"embeddable":true,"href":"https:\/\/www.cnbb.org.br\/cnbb-app\/wp\/v2\/users\/83"}],"replies":[{"embeddable":true,"href":"https:\/\/www.cnbb.org.br\/cnbb-app\/wp\/v2\/comments?post=234991"}],"version-history":[{"count":0,"href":"https:\/\/www.cnbb.org.br\/cnbb-app\/wp\/v2\/posts\/234991\/revisions"}],"wp:featuredmedia":[{"embeddable":true,"href":"https:\/\/www.cnbb.org.br\/cnbb-app\/wp\/v2\/media\/235000"}],"wp:attachment":[{"href":"https:\/\/www.cnbb.org.br\/cnbb-app\/wp\/v2\/media?parent=234991"}],"wp:term":[{"taxonomy":"category","embeddable":true,"href":"https:\/\/www.cnbb.org.br\/cnbb-app\/wp\/v2\/categories?post=234991"},{"taxonomy":"post_tag","embeddable":true,"href":"https:\/\/www.cnbb.org.br\/cnbb-app\/wp\/v2\/tags?post=234991"}],"curies":[{"name":"wp","href":"https:\/\/api.w.org\/{rel}","templated":true}]}}