{"id":23507,"date":"2010-04-14T00:00:00","date_gmt":"2010-04-14T03:00:00","guid":{"rendered":"https:\/\/www.cnbb.org.br\/arquidiocese-de-teresina-prepara-2o-congresso-eucaristico\/"},"modified":"2010-04-14T00:00:00","modified_gmt":"2010-04-14T03:00:00","slug":"arquidiocese-de-teresina-prepara-2o-congresso-eucaristico","status":"publish","type":"post","link":"https:\/\/www.cnbb.org.br\/arquidiocese-de-teresina-prepara-2o-congresso-eucaristico\/","title":{"rendered":"Arquidiocese de Teresina prepara 2\u00ba Congresso Eucar\u00edstico"},"content":{"rendered":"<p style=\"text-align: justify\">Em prepara\u00e7\u00e3o ao 2\u00ba Congresso Eucar\u00edstico Arquidiocesano (CEA), que vai acontecer entre os dias 23 e 26 de setembro, a arquidiocese de Teresina (PI) realizou, na noite desta segunda-feira, 12, no Centro Pastoral Paulo VI, uma reuni\u00e3o com a equipe ampliada para apresentar o projeto de organiza\u00e7\u00e3o do Congresso.<\/p>\n<p><!--more--><\/p>\n<p style=\"text-align: justify\">O coordenador geral do evento, o arcebispo de Teresina, dom S\u00e9rgio da Rocha, falou da import\u00e2ncia da realiza\u00e7\u00e3o do evento para a arquidiocese de Teresina por ser um momento de anima\u00e7\u00e3o e de viv\u00eancia na eucaristia. \u201c\u00c9 um momento tamb\u00e9m em que ser\u00e1 celebrado o jubileu de 50 anos de realiza\u00e7\u00e3o do primeiro congresso eucar\u00edstico, que aconteceu em Teresina, ainda na \u00e9poca do ent\u00e3o arcebispo dom Avelar Brand\u00e3o Vilela\u201d, contou.<\/p>\n<p style=\"text-align: justify\">2\u00ba Congresso Eucar\u00edstico Arquidiocesano ter\u00e1 como tema \u201cEucaristia: P\u00e3o dos Disc\u00edpulos em Miss\u00e3o\u201d e como lema \u201cFica Conosco, Senhor!\u201d (Lc 24, 29). O evento ser\u00e1 um grande momento de f\u00e9 para a arquidiocese de Teresina e est\u00e1 sendo preparado com o objetivo de celebrar a eucaristia como centro de toda a\u00e7\u00e3o evangelizadora.\u00a0 \u201cQueremos com o Congresso Eucar\u00edstico animar a vida eucar\u00edstica na arquidiocese e ajudar a comunidade a conhecer melhor a eucaristia, porque muita gente n\u00e3o a conhece direito, n\u00e3o tem a compreens\u00e3o adequada do mist\u00e9rio da presen\u00e7a de Jesus no Sant\u00edssimo Sacramento. Tamb\u00e9m queremos celebrar porque as pessoas n\u00e3o devem s\u00f3 saber qual a import\u00e2ncia da Eucaristia, devem ser ajudadas a participar e celebrar a Eucaristia na Igreja\u201d, explicou dom S\u00e9rgio.<\/p>\n<p style=\"text-align: justify\">Neste primeiro momento, mais de 100 pessoas j\u00e1 est\u00e3o envolvidas na organiza\u00e7\u00e3o do Congresso. Segundo o arcebispo, na reuni\u00e3o ampliada equipes demonstraram a necessidade de mais pessoas para colaborar com a prepara\u00e7\u00e3o do evento. A programa\u00e7\u00e3o em planejamento prop\u00f5e que a\u00a0 abertura do Congresso Eucar\u00edstico Arquidiocesano seja no Adro da Igreja de S\u00e3o Benedito e o encerramento no Est\u00e1dio Albert\u00e3o. Haver\u00e1 ainda prepara\u00e7\u00f5es espirituais das equipes, simp\u00f3sios teol\u00f3gicos, vig\u00edlia da juventude e outras atividades.<\/p>\n","protected":false},"excerpt":{"rendered":"<p>Em prepara\u00e7\u00e3o ao 2\u00ba Congresso Eucar\u00edstico Arquidiocesano (CEA), que vai acontecer entre os dias 23 e 26 de setembro, a arquidiocese de Teresina (PI) realizou, na noite desta segunda-feira, 12, no Centro Pastoral Paulo VI, uma reuni\u00e3o com a equipe ampliada para apresentar o projeto de organiza\u00e7\u00e3o do Congresso.<\/p>\n","protected":false},"author":83,"featured_media":23508,"comment_status":"open","ping_status":"open","sticky":false,"template":"","format":"standard","meta":{"site-sidebar-layout":"default","site-content-layout":"default","ast-global-header-display":"","ast-banner-title-visibility":"","ast-main-header-display":"","ast-hfb-above-header-display":"","ast-hfb-below-header-display":"","ast-hfb-mobile-header-display":"","site-post-title":"","ast-breadcrumbs-content":"","ast-featured-img":"","footer-sml-layout":"","theme-transparent-header-meta":"","adv-header-id-meta":"","stick-header-meta":"","header-above-stick-meta":"","header-main-stick-meta":"","header-below-stick-meta":""},"categories":[817,769],"tags":[],"acf":[],"_links":{"self":[{"href":"https:\/\/www.cnbb.org.br\/cnbb-app\/wp\/v2\/posts\/23507"}],"collection":[{"href":"https:\/\/www.cnbb.org.br\/cnbb-app\/wp\/v2\/posts"}],"about":[{"href":"https:\/\/www.cnbb.org.br\/cnbb-app\/wp\/v2\/types\/post"}],"author":[{"embeddable":true,"href":"https:\/\/www.cnbb.org.br\/cnbb-app\/wp\/v2\/users\/83"}],"replies":[{"embeddable":true,"href":"https:\/\/www.cnbb.org.br\/cnbb-app\/wp\/v2\/comments?post=23507"}],"version-history":[{"count":0,"href":"https:\/\/www.cnbb.org.br\/cnbb-app\/wp\/v2\/posts\/23507\/revisions"}],"wp:featuredmedia":[{"embeddable":true,"href":"https:\/\/www.cnbb.org.br\/cnbb-app\/wp\/v2\/media\/23508"}],"wp:attachment":[{"href":"https:\/\/www.cnbb.org.br\/cnbb-app\/wp\/v2\/media?parent=23507"}],"wp:term":[{"taxonomy":"category","embeddable":true,"href":"https:\/\/www.cnbb.org.br\/cnbb-app\/wp\/v2\/categories?post=23507"},{"taxonomy":"post_tag","embeddable":true,"href":"https:\/\/www.cnbb.org.br\/cnbb-app\/wp\/v2\/tags?post=23507"}],"curies":[{"name":"wp","href":"https:\/\/api.w.org\/{rel}","templated":true}]}}