{"id":23513,"date":"2010-04-28T00:00:00","date_gmt":"2010-04-28T03:00:00","guid":{"rendered":"https:\/\/www.cnbb.org.br\/diocese-de-bom-jesus-de-gurgueia-celebra-os-50-anos-de-sacerdocio-de-dom-ramon-carrozas\/"},"modified":"2010-04-28T00:00:00","modified_gmt":"2010-04-28T03:00:00","slug":"diocese-de-bom-jesus-de-gurgueia-celebra-os-50-anos-de-sacerdocio-de-dom-ramon-carrozas","status":"publish","type":"post","link":"https:\/\/www.cnbb.org.br\/diocese-de-bom-jesus-de-gurgueia-celebra-os-50-anos-de-sacerdocio-de-dom-ramon-carrozas\/","title":{"rendered":"Diocese de Bom Jesus de Gurgu\u00e9ia celebra os 50 anos de sacerd\u00f3cio de dom Ram\u00f3n Carrozas"},"content":{"rendered":"<p style=\"text-align: justify\">O bispo diocesano de Bom Jesus de Gurgu\u00e9ia (PI), dom Ram\u00f3n L\u00f3pez Carrozas, presidiu no s\u00e1bado, dia 24, a Santa Missa em A\u00e7\u00e3o de Gra\u00e7as pelos seus 50 anos de sacerd\u00f3cio. Participaram da celebra\u00e7\u00e3o v\u00e1rios bispos do Regional Nordeste 4 da CNBB (Piau\u00ed) e todo clero diocesano, seminaristas, autoridades e comunidade cat\u00f3lica da regi\u00e3o.<\/p>\n<p><!--more--><\/p>\n<p style=\"text-align: justify\">A missa do Jubileu foi transmitida ao vivo pelas r\u00e1dios Cultura FM de S\u00e3o Raimundo Nonato, Cultura FM de Picos e Cristo Rei de Oeiras. A fam\u00edlia de dom Ram\u00f3n p\u00f4de acompanhar a celebra\u00e7\u00e3o atrav\u00e9s da internet, no site das r\u00e1dios.<\/p>\n<p style=\"text-align: justify\">Durante a homilia, dom Ram\u00f3n sobre a conviv\u00eancia em colabora\u00e7\u00e3o com o pr\u00f3ximo, narrou algumas experi\u00eancias marcantes ao logo dos anos como padre no estado do Rio de Janeiro e como bispo no Piau\u00ed, agradeceu aos seus genitores e professores que o educaram para a vida, e aos fi\u00e9is que trabalham em benef\u00edcio de cada par\u00f3quia.<\/p>\n<p style=\"text-align: justify\">Dom Ram\u00f3n \u00e9 natural da cidade Sarria-Lugo, na Espanha. Nasceu no dia 31 de agosto de 1937, estudou Filosofia no Mosteiro de Poyo, Pontedreva\/ Espanha. Estudou Teologia na Universidade de Salamanca\/Espanha, onde tamb\u00e9m se especializou em Licenciatura em Teologia Dogm\u00e1tica (1961). Ordenou-se padre no dia 10 de abril de 1960.<\/p>\n<p style=\"text-align: justify\">Antes do episcopado foi Reitor do Semin\u00e1rio Menor durante sete anos, professor de Psicologia na escola Normal e Semin\u00e1rios, e p\u00e1roco no Rio de Janeiro durante sete anos. Ordenou-se bispo no dia 27 de maio de 1979, atuou como bispo auxiliar de Bom Jesus do Gurgu\u00e9ia at\u00e9 o ano de 1989.<\/p>\n<p style=\"text-align: justify\">O bispo de Parna\u00edba (PI), dom Alfredo Schaffler fez uso da palavra, e em nome de todos os bispos presentes, parabenizou dom Ram\u00f3n por toda sua hist\u00f3ria e conquistas adquiridas ao longo desses anos. O prefeito da cidade de Bom Jesus, Alcino Piauilino, agradeceu pelo trabalho realizado \u00e0 frente da diocese.<\/p>\n","protected":false},"excerpt":{"rendered":"<p>O bispo diocesano de Bom Jesus de Gurgu\u00e9ia (PI), dom Ram\u00f3n L\u00f3pez Carrozas, presidiu no s\u00e1bado, dia 24, a Santa Missa em A\u00e7\u00e3o de Gra\u00e7as pelos seus 50 anos de sacerd\u00f3cio. Participaram da celebra\u00e7\u00e3o v\u00e1rios bispos do Regional Nordeste 4 da CNBB (Piau\u00ed) e todo clero diocesano, seminaristas, autoridades e comunidade cat\u00f3lica da regi\u00e3o.<\/p>\n","protected":false},"author":83,"featured_media":23514,"comment_status":"open","ping_status":"open","sticky":false,"template":"","format":"standard","meta":{"site-sidebar-layout":"default","site-content-layout":"default","ast-global-header-display":"","ast-banner-title-visibility":"","ast-main-header-display":"","ast-hfb-above-header-display":"","ast-hfb-below-header-display":"","ast-hfb-mobile-header-display":"","site-post-title":"","ast-breadcrumbs-content":"","ast-featured-img":"","footer-sml-layout":"","theme-transparent-header-meta":"","adv-header-id-meta":"","stick-header-meta":"","header-above-stick-meta":"","header-main-stick-meta":"","header-below-stick-meta":""},"categories":[817,769],"tags":[],"acf":[],"_links":{"self":[{"href":"https:\/\/www.cnbb.org.br\/cnbb-app\/wp\/v2\/posts\/23513"}],"collection":[{"href":"https:\/\/www.cnbb.org.br\/cnbb-app\/wp\/v2\/posts"}],"about":[{"href":"https:\/\/www.cnbb.org.br\/cnbb-app\/wp\/v2\/types\/post"}],"author":[{"embeddable":true,"href":"https:\/\/www.cnbb.org.br\/cnbb-app\/wp\/v2\/users\/83"}],"replies":[{"embeddable":true,"href":"https:\/\/www.cnbb.org.br\/cnbb-app\/wp\/v2\/comments?post=23513"}],"version-history":[{"count":0,"href":"https:\/\/www.cnbb.org.br\/cnbb-app\/wp\/v2\/posts\/23513\/revisions"}],"wp:featuredmedia":[{"embeddable":true,"href":"https:\/\/www.cnbb.org.br\/cnbb-app\/wp\/v2\/media\/23514"}],"wp:attachment":[{"href":"https:\/\/www.cnbb.org.br\/cnbb-app\/wp\/v2\/media?parent=23513"}],"wp:term":[{"taxonomy":"category","embeddable":true,"href":"https:\/\/www.cnbb.org.br\/cnbb-app\/wp\/v2\/categories?post=23513"},{"taxonomy":"post_tag","embeddable":true,"href":"https:\/\/www.cnbb.org.br\/cnbb-app\/wp\/v2\/tags?post=23513"}],"curies":[{"name":"wp","href":"https:\/\/api.w.org\/{rel}","templated":true}]}}