{"id":23515,"date":"2010-04-30T00:00:00","date_gmt":"2010-04-30T03:00:00","guid":{"rendered":"https:\/\/www.cnbb.org.br\/diocese-de-oeiras-promove-1o-forum-social-regional\/"},"modified":"2010-04-30T00:00:00","modified_gmt":"2010-04-30T03:00:00","slug":"diocese-de-oeiras-promove-1o-forum-social-regional","status":"publish","type":"post","link":"https:\/\/www.cnbb.org.br\/diocese-de-oeiras-promove-1o-forum-social-regional\/","title":{"rendered":"Diocese de Oeiras promove 1\u00ba F\u00f3rum Social Regional"},"content":{"rendered":"<p style=\"text-align: justify\">Com o tema \u201cVida, Cidadania e Paz\u201d e o lema \u201cPara que todos tenham vida\u201d (Jo 10,10), a diocese de Oeiras (PI) promove no dia 1\u00b0 de maio, o F\u00f3rum Social Regional.<\/p>\n<p>  <!--more-->  <\/p>\n<p style=\"text-align: justify\">O evento ser\u00e1 promovido em parceria com diversas entidades locais e dos 21 munic\u00edpios que comp\u00f5em a \u00e1rea pastoral da diocese tais como a Prefeituras, 8\u00aa Gerencia Regional de Educa\u00e7\u00e3o, Secretaria municipal da Cultura de Oeiras, Conselhos Tutelares, Movimentos sociais, Pol\u00edcia, Igrejas e outros \u00f3rg\u00e3os.<\/p>\n<p style=\"text-align: justify\">\u201cO F\u00f3rum ser\u00e1 um momento prof\u00e9tico da Igreja e outras institui\u00e7\u00f5es que visam suscitar um amplo debate sobre problemas urgentes que ferem a vida em nossa regi\u00e3o, em busca de alternativas concretas e vi\u00e1veis para preveni-los e erradic\u00e1-los, envolvendo o Poder P\u00fablico, a Sociedade Civil e as Igrejas\u201d, afirmam os coordenadores da Pastoral da Comunica\u00e7\u00e3o da diocese.<\/p>\n<p style=\"text-align: justify\">Para tanto, trar\u00e1 para debate temas que s\u00e3o importantes para a regi\u00e3o, como: Sentido da vida (Escola Municipal Juarez Tapety), Cidadania e Paz (Unidade Escolar Costa Alvarenga), Dignidade da vida Humana (Unidade Escolar Farmac\u00eautico Jo\u00e3o Carvalho), Prote\u00e7\u00e3o \u00e0 Inf\u00e2ncia e Adolesc\u00eancia (Unidade Escolar Visconde da Parna\u00edba), Economia Solid\u00e1ria (Unidade Escolar Eva Feitosa), Trabalho e Cidadania (Unidade Escolar Rocha Neto), Vida e Ecologia (Unidade Escolar Armando Burlamaqui) e Juventude e Cidadania (Gin\u00e1sio Santaninha), entre outros.<\/p>\n","protected":false},"excerpt":{"rendered":"<p>Com o tema \u201cVida, Cidadania e Paz\u201d e o lema \u201cPara que todos tenham vida\u201d (Jo 10,10), a diocese de Oeiras (PI) promove no dia 1\u00b0 de maio, o F\u00f3rum Social Regional.<\/p>\n","protected":false},"author":83,"featured_media":23516,"comment_status":"open","ping_status":"open","sticky":false,"template":"","format":"standard","meta":{"site-sidebar-layout":"default","site-content-layout":"default","ast-global-header-display":"","ast-banner-title-visibility":"","ast-main-header-display":"","ast-hfb-above-header-display":"","ast-hfb-below-header-display":"","ast-hfb-mobile-header-display":"","site-post-title":"","ast-breadcrumbs-content":"","ast-featured-img":"","footer-sml-layout":"","theme-transparent-header-meta":"","adv-header-id-meta":"","stick-header-meta":"","header-above-stick-meta":"","header-main-stick-meta":"","header-below-stick-meta":""},"categories":[817,769],"tags":[],"acf":[],"_links":{"self":[{"href":"https:\/\/www.cnbb.org.br\/cnbb-app\/wp\/v2\/posts\/23515"}],"collection":[{"href":"https:\/\/www.cnbb.org.br\/cnbb-app\/wp\/v2\/posts"}],"about":[{"href":"https:\/\/www.cnbb.org.br\/cnbb-app\/wp\/v2\/types\/post"}],"author":[{"embeddable":true,"href":"https:\/\/www.cnbb.org.br\/cnbb-app\/wp\/v2\/users\/83"}],"replies":[{"embeddable":true,"href":"https:\/\/www.cnbb.org.br\/cnbb-app\/wp\/v2\/comments?post=23515"}],"version-history":[{"count":0,"href":"https:\/\/www.cnbb.org.br\/cnbb-app\/wp\/v2\/posts\/23515\/revisions"}],"wp:featuredmedia":[{"embeddable":true,"href":"https:\/\/www.cnbb.org.br\/cnbb-app\/wp\/v2\/media\/23516"}],"wp:attachment":[{"href":"https:\/\/www.cnbb.org.br\/cnbb-app\/wp\/v2\/media?parent=23515"}],"wp:term":[{"taxonomy":"category","embeddable":true,"href":"https:\/\/www.cnbb.org.br\/cnbb-app\/wp\/v2\/categories?post=23515"},{"taxonomy":"post_tag","embeddable":true,"href":"https:\/\/www.cnbb.org.br\/cnbb-app\/wp\/v2\/tags?post=23515"}],"curies":[{"name":"wp","href":"https:\/\/api.w.org\/{rel}","templated":true}]}}