{"id":23523,"date":"2010-06-07T00:00:00","date_gmt":"2010-06-07T03:00:00","guid":{"rendered":"https:\/\/www.cnbb.org.br\/diocese-de-oeiras-promove-2o-retiro-das-santas-missoes-populares\/"},"modified":"2010-06-07T00:00:00","modified_gmt":"2010-06-07T03:00:00","slug":"diocese-de-oeiras-promove-2o-retiro-das-santas-missoes-populares","status":"publish","type":"post","link":"https:\/\/www.cnbb.org.br\/diocese-de-oeiras-promove-2o-retiro-das-santas-missoes-populares\/","title":{"rendered":"Diocese de Oeiras promove 2\u00ba Retiro das Santas Miss\u00f5es Populares"},"content":{"rendered":"<p style=\"text-align: justify\">Teve in\u00edcio na noite do dia 4, o 2\u00ba Retiro Diocesano das Santas Miss\u00f5es Populares. Mission\u00e1rios vindos das diversas par\u00f3quias da diocese de Oeiras (PI) estiveram reunidos no Centro de Forma\u00e7\u00e3o ECC, neste evento promovido pela diocese. O Retiro faz parte da pedagogia das Santas Miss\u00f5es Populares (SMPs) que compreende tr\u00eas retiros diocesanos e tr\u00eas paroquiais. Desde o primeiro retiro, acontecido no ano passado, todas as par\u00f3quias da diocese realizaram os seus primeiros retiros paroquiais, promovendo forma\u00e7\u00e3o e motivando as comunidades para a miss\u00e3o.<\/p>\n<p>  <!--more-->  <\/p>\n<p style=\"text-align: justify\">Segundo o padre Kleyton Vieira, coordenador diocesano das SMPs, \u00e9 preciso que cada participante fa\u00e7a um encontro pessoal com Cristo, na viv\u00eancia da f\u00e9 e no compromisso com a evangeliza\u00e7\u00e3o. \u201cOs mission\u00e1rios est\u00e3o animados, participando ativamente das discuss\u00f5es propostas no retiro, que al\u00e9m da forma\u00e7\u00e3o \u00e9 um convite a ora\u00e7\u00e3o e a vida comunit\u00e1ria\u201d.<\/p>\n<p style=\"text-align: justify\">Na manh\u00e3 do dia 5, os mission\u00e1rios fizeram uma caminhada orante na periferia da cidade, refletindo o grande significado da miss\u00e3o. Em seguida no Centro de Forma\u00e7\u00e3o ECC sob a orienta\u00e7\u00e3o de F\u00e1tima Bertoli, coordenadora de forma\u00e7\u00e3o das SMPs, os leigos fizeram um aprofundamento da import\u00e2ncia da fidelidade e compromisso mission\u00e1rio assumido, a partir do texto b\u00edblico de Lucas.<\/p>\n<p style=\"text-align: justify\">Cerca de 180 pessoas, incluindo o bispo, dom Juarez de Sousa, padres, religiosas, seminaristas e leigos mission\u00e1rios comprometidos com a miss\u00e3o tomaram parte do retiro. O Retiro se estendeu at\u00e9 o domingo dia 6 ao meio dia.<\/p>\n","protected":false},"excerpt":{"rendered":"<p>Teve in\u00edcio na noite do dia 4, o 2\u00ba Retiro Diocesano das Santas Miss\u00f5es Populares. Mission\u00e1rios vindos das diversas par\u00f3quias da diocese de Oeiras (PI) estiveram reunidos no Centro de Forma\u00e7\u00e3o ECC, neste evento promovido pela diocese. O Retiro faz parte da pedagogia das Santas Miss\u00f5es Populares (SMPs) que compreende tr\u00eas retiros diocesanos e tr\u00eas &hellip;<\/p>\n<p class=\"read-more\"> <a class=\"\" href=\"https:\/\/www.cnbb.org.br\/diocese-de-oeiras-promove-2o-retiro-das-santas-missoes-populares\/\"> <span class=\"screen-reader-text\">Diocese de Oeiras promove 2\u00ba Retiro das Santas Miss\u00f5es Populares<\/span> Leia mais &raquo;<\/a><\/p>\n","protected":false},"author":83,"featured_media":23524,"comment_status":"open","ping_status":"open","sticky":false,"template":"","format":"standard","meta":{"site-sidebar-layout":"default","site-content-layout":"default","ast-global-header-display":"","ast-banner-title-visibility":"","ast-main-header-display":"","ast-hfb-above-header-display":"","ast-hfb-below-header-display":"","ast-hfb-mobile-header-display":"","site-post-title":"","ast-breadcrumbs-content":"","ast-featured-img":"","footer-sml-layout":"","theme-transparent-header-meta":"","adv-header-id-meta":"","stick-header-meta":"","header-above-stick-meta":"","header-main-stick-meta":"","header-below-stick-meta":""},"categories":[817,769],"tags":[],"acf":[],"_links":{"self":[{"href":"https:\/\/www.cnbb.org.br\/cnbb-app\/wp\/v2\/posts\/23523"}],"collection":[{"href":"https:\/\/www.cnbb.org.br\/cnbb-app\/wp\/v2\/posts"}],"about":[{"href":"https:\/\/www.cnbb.org.br\/cnbb-app\/wp\/v2\/types\/post"}],"author":[{"embeddable":true,"href":"https:\/\/www.cnbb.org.br\/cnbb-app\/wp\/v2\/users\/83"}],"replies":[{"embeddable":true,"href":"https:\/\/www.cnbb.org.br\/cnbb-app\/wp\/v2\/comments?post=23523"}],"version-history":[{"count":0,"href":"https:\/\/www.cnbb.org.br\/cnbb-app\/wp\/v2\/posts\/23523\/revisions"}],"wp:featuredmedia":[{"embeddable":true,"href":"https:\/\/www.cnbb.org.br\/cnbb-app\/wp\/v2\/media\/23524"}],"wp:attachment":[{"href":"https:\/\/www.cnbb.org.br\/cnbb-app\/wp\/v2\/media?parent=23523"}],"wp:term":[{"taxonomy":"category","embeddable":true,"href":"https:\/\/www.cnbb.org.br\/cnbb-app\/wp\/v2\/categories?post=23523"},{"taxonomy":"post_tag","embeddable":true,"href":"https:\/\/www.cnbb.org.br\/cnbb-app\/wp\/v2\/tags?post=23523"}],"curies":[{"name":"wp","href":"https:\/\/api.w.org\/{rel}","templated":true}]}}