{"id":235399,"date":"2020-03-21T10:04:30","date_gmt":"2020-03-21T13:04:30","guid":{"rendered":"http:\/\/www.cnbb.org.br\/?p=235399"},"modified":"2020-09-08T14:10:30","modified_gmt":"2020-09-08T17:10:30","slug":"entre-nos-esta-e-nao-o-conhecemos","status":"publish","type":"post","link":"https:\/\/www.cnbb.org.br\/entre-nos-esta-e-nao-o-conhecemos\/","title":{"rendered":"Entre n\u00f3s est\u00e1 e n\u00e3o o conhecemos"},"content":{"rendered":"<p style=\"text-align: right\"><strong>Dom Jo\u00e3o Justino de Medeiros Silva<\/strong><br \/>\n<strong>Arcebispo de Montes Claros<\/strong><\/p>\n<p style=\"text-align: justify\">\n<p style=\"text-align: justify\">Uma das afirma\u00e7\u00f5es mais contundentes do evangelho de Jesus se encontra no cap\u00edtulo 25 de S\u00e3o Mateus. Ali, Jesus fala do ju\u00edzo final. Anuncia que o Filho do Homem vir\u00e1 em sua gl\u00f3ria e, sentado em seu trono, separar\u00e1 uns dos outros como o pastor separa as ovelhas dos cabritos. Para o seu Reino ser\u00e3o chamados os que o reconheceram com fome e lhe deram de comer; com sede e lhe deram de beber; forasteiro e o acolheram; nu e o vestiram; enfermo e dele cuidaram; prisioneiro e o visitaram. E diante da pergunta, \u201cmas quando foi que te vimos assim?\u201d, o Rei responder\u00e1: \u201cTodas as vezes que fizestes isso a um destes mais pequenos, que s\u00e3o meus irm\u00e3os, foi a mim que o fizestes!\u201d (Mt 25,40). Talvez seja essa uma das mais belas p\u00e1ginas do evangelho. Ao mesmo tempo, uma das mais dif\u00edceis de se compreender e de viver.<\/p>\n<p style=\"text-align: justify\">A hist\u00f3ria do cristianismo registra grande n\u00famero de homens e mulheres que viveram com intensidade esse ensinamento de Jesus. Quantos poderiam aqui ser lembrados. S\u00e3o Dami\u00e3o Molokai, que se fez leproso com os leprosos. Santa Maria Eufr\u00e1sia Pelletier, fundadora das Irm\u00e3s do Bom Pastor de Angers, dedicou-se a cuidar das mulheres em situa\u00e7\u00e3o de prostitui\u00e7\u00e3o e das encarceradas. No Brasil, muitas dessas religiosas trabalharam nos grandes pres\u00eddios femininos, incluindo o Carandiru. Ouvir os relatos dessas religiosas \u00e9 uma li\u00e7\u00e3o de evangelho. Recorde-se da grande Santa Teresa de Calcut\u00e1, que acolhia moribundos e agonizantes pelas ruas, a fim de lhes dar dignidade na morte. Mais pr\u00f3xima de n\u00f3s, Santa Dulce dos Pobres, a pequenina Irm\u00e3 Dulce, que percorria as ruas de Salvador e recolhia os enfermos e os pobres para deles cuidar em suas obras sociais. Lembremo-nos de Pe. J\u00falio Lancelloti, que, em S\u00e3o Paulo, \u00e9 o servidor da popula\u00e7\u00e3o de rua, defendendo esses irm\u00e3os que nada possuem e a quem lhes \u00e9 negado at\u00e9 o direito de dormir nas cal\u00e7adas. Semelhante cuidado dos moradores de rua \u00e9, tamb\u00e9m, feito pelos irm\u00e3ozinhos e irm\u00e3zinhas da Toca de Assis. S\u00e3o apenas alguns exemplos.<\/p>\n<p style=\"text-align: justify\">As desigualdades sociais, a marginaliza\u00e7\u00e3o dos pobres, a desestrutura\u00e7\u00e3o da fam\u00edlia, o descaso do Estado, a corrup\u00e7\u00e3o das institui\u00e7\u00f5es s\u00e3o algumas das causas da vulnerabilidade social em nossas cidades. H\u00e1 um n\u00famero incont\u00e1vel de pessoas solid\u00e1rias que, isoladamente ou por meio de institui\u00e7\u00f5es, se ocupam dos pobres e dos marginalizados. Quem de fato faz em favor dos pobres n\u00e3o est\u00e1 atr\u00e1s de pol\u00eamicas ou de holofotes. Buscam compreend\u00ea-los, mas n\u00e3o os julgam. Literalmente, cuidam dos pobres. N\u00e3o de todos, porque s\u00e3o incont\u00e1veis. Muitos dos que cuidam dos pobres militam em associa\u00e7\u00f5es, pastorais de igrejas, ONGs e n\u00e3o deixam de se manifestar diante da aus\u00eancia do Estado, da morosidade da justi\u00e7a, da indiferen\u00e7a de legisladores.<\/p>\n<p style=\"text-align: justify\">Nesse quadro de solidariedade com os empobrecidos e de lutas em defesa dos direitos humanos, n\u00e3o faltam os que comodamente criticam e se op\u00f5em \u00e0queles que est\u00e3o nas trincheiras da defesa da dignidade humana. Com certeza, para Jesus, n\u00e3o importa a camisa daqueles que d\u00e3o de comer aos famintos, de beber aos que t\u00eam sede, acolhem os migrantes, que vestem os nus, visitam os prisioneiros, que cuidam dos doentes. N\u00e3o foi isso que Ele ordenou? Sim, Ele est\u00e1 entre n\u00f3s, e n\u00f3s o desprezamos.<\/p>\n<p>&nbsp;    \t<\/p>\n","protected":false},"excerpt":{"rendered":"<p>Dom Jo\u00e3o Justino de Medeiros Silva Arcebispo de Montes Claros Uma das afirma\u00e7\u00f5es mais contundentes do evangelho de Jesus se encontra no cap\u00edtulo 25 de S\u00e3o Mateus. Ali, Jesus fala do ju\u00edzo final. Anuncia que o Filho do Homem vir\u00e1 em sua gl\u00f3ria e, sentado em seu trono, separar\u00e1 uns dos outros como o pastor &hellip;<\/p>\n<p class=\"read-more\"> <a class=\"\" href=\"https:\/\/www.cnbb.org.br\/entre-nos-esta-e-nao-o-conhecemos\/\"> <span class=\"screen-reader-text\">Entre n\u00f3s est\u00e1 e n\u00e3o o conhecemos<\/span> Leia mais &raquo;<\/a><\/p>\n","protected":false},"author":64,"featured_media":0,"comment_status":"closed","ping_status":"open","sticky":false,"template":"","format":"standard","meta":{"site-sidebar-layout":"default","site-content-layout":"default","ast-global-header-display":"","ast-banner-title-visibility":"","ast-main-header-display":"","ast-hfb-above-header-display":"","ast-hfb-below-header-display":"","ast-hfb-mobile-header-display":"","site-post-title":"","ast-breadcrumbs-content":"","ast-featured-img":"","footer-sml-layout":"","theme-transparent-header-meta":"","adv-header-id-meta":"","stick-header-meta":"","header-above-stick-meta":"","header-main-stick-meta":"","header-below-stick-meta":""},"categories":[758],"tags":[],"acf":[],"_links":{"self":[{"href":"https:\/\/www.cnbb.org.br\/cnbb-app\/wp\/v2\/posts\/235399"}],"collection":[{"href":"https:\/\/www.cnbb.org.br\/cnbb-app\/wp\/v2\/posts"}],"about":[{"href":"https:\/\/www.cnbb.org.br\/cnbb-app\/wp\/v2\/types\/post"}],"author":[{"embeddable":true,"href":"https:\/\/www.cnbb.org.br\/cnbb-app\/wp\/v2\/users\/64"}],"replies":[{"embeddable":true,"href":"https:\/\/www.cnbb.org.br\/cnbb-app\/wp\/v2\/comments?post=235399"}],"version-history":[{"count":0,"href":"https:\/\/www.cnbb.org.br\/cnbb-app\/wp\/v2\/posts\/235399\/revisions"}],"wp:attachment":[{"href":"https:\/\/www.cnbb.org.br\/cnbb-app\/wp\/v2\/media?parent=235399"}],"wp:term":[{"taxonomy":"category","embeddable":true,"href":"https:\/\/www.cnbb.org.br\/cnbb-app\/wp\/v2\/categories?post=235399"},{"taxonomy":"post_tag","embeddable":true,"href":"https:\/\/www.cnbb.org.br\/cnbb-app\/wp\/v2\/tags?post=235399"}],"curies":[{"name":"wp","href":"https:\/\/api.w.org\/{rel}","templated":true}]}}