{"id":235426,"date":"2020-03-19T13:28:43","date_gmt":"2020-03-19T16:28:43","guid":{"rendered":"http:\/\/www.cnbb.org.br\/?p=235426"},"modified":"2020-03-19T13:28:43","modified_gmt":"2020-03-19T16:28:43","slug":"solidariedade-e-esperanca","status":"publish","type":"post","link":"https:\/\/www.cnbb.org.br\/solidariedade-e-esperanca\/","title":{"rendered":"Solidariedade e Esperan\u00e7a!"},"content":{"rendered":"<p style=\"text-align: right\"><strong>Dom Jos\u00e9 Gislon<\/strong><br \/>\n<strong>Bispo de Caxias do Sul<\/strong><\/p>\n<p style=\"text-align: justify\">\n<p style=\"text-align: justify\">Estimados irm\u00e3os e irm\u00e3s em Cristo! Estamos nos preparando como Igreja, comunidade de f\u00e9, para celebrarmos a P\u00e1scoa do Senhor Jesus. E o fazemos a cada ano, vivendo a Quaresma, como um tempo privilegiado para olharmos a vida e o caminho percorrido, a partir do nosso \u201ceu\u201d interior, tendo presente as nossas a\u00e7\u00f5es, sem esquecer a miseric\u00f3rdia e o amor do nosso Deus e Pai.<\/p>\n<p style=\"text-align: justify\">A Campanha da Fraternidade deste ano nos motiva a cuidarmos da vida como \u201cdom e compromisso\u201d. Cientes de que as responsabilidades em rela\u00e7\u00e3o ao cuidado da vida fazem parte do nosso compromisso de f\u00e9, e diante da situa\u00e7\u00e3o de emerg\u00eancia motivada pelo avan\u00e7o da pandemia do Covid-19 (Coronav\u00edrus), tomamos tamb\u00e9m algumas medidas, sem precedentes na hist\u00f3ria da nossa Igreja Diocesana, limitando os servi\u00e7os lit\u00fargicos para o nosso querido povo de Deus. E o fazemos com dor no cora\u00e7\u00e3o, mas cientes de que a realidade do momento exige essa resposta para preservar e cuidar da vida, \u201cdom de Deus\u201d.<\/p>\n<p style=\"text-align: justify\">\u00c9 um tempo de prova\u00e7\u00e3o para as nossas fam\u00edlias, comunidades e a sociedade em geral, mas tamb\u00e9m para as autoridades, que devem tomar decis\u00f5es que tocam o cotidiano da vida de muitas pessoas. \u00c9 uma realidade que nos desafia, exp\u00f5e a fragilidade da vida e, porque n\u00e3o dizer, nos amedronta e nos coloca num clima de apreens\u00e3o e incertezas.<\/p>\n<p style=\"text-align: justify\">\u00c9 um momento que exige de cada um de n\u00f3s cuidado, responsabilidade, compreens\u00e3o, e, acima de tudo, muito amor, caridade e solidariedade para cuidar da vida e daqueles que s\u00e3o mais vulner\u00e1veis a contrair o v\u00edrus e seus familiares. Dentro deste quadro, devem ser lembradas em nossas preces cotidianas tamb\u00e9m as pessoas que trabalham na \u00e1rea da sa\u00fade, m\u00e9dicos, enfermeiros, pessoal t\u00e9cnico, colaboradores, etc. O que n\u00e3o podemos \u00e9 criar um clima de indiferen\u00e7a em rela\u00e7\u00e3o \u00e0 dor e ao sofrimento das fam\u00edlias ou dos nossos irm\u00e3os e irm\u00e3s que ser\u00e3o afetados pela doen\u00e7a.<\/p>\n<p style=\"text-align: justify\">Que este tempo, em que nos \u00e9 pedido para nos recolhermos em nossas casas ou para limitarmos a nossa circula\u00e7\u00e3o, seja um tempo forte para valorizarmos a vida, a presen\u00e7a daquela pessoa que est\u00e1 ao nosso lado, que percorreu um breve ou longo caminho conosco e que, mesmo assim, talvez ainda n\u00e3o tenhamos conseguido manifestar gratid\u00e3o ou expressar, atrav\u00e9s de poucas palavras, que ela \u00e9 um dom de Deus na nossa vida.<\/p>\n<p style=\"text-align: justify\">Seguindo o Senhor que caminha em dire\u00e7\u00e3o ao cumprimento da sua P\u00e1scoa, somos chamados, a cada momento da nossa vida, a aceitarmos ser uma semente, que cai na terra da hist\u00f3ria para doar-se e produzir frutos. O Senhor nos atrai em dire\u00e7\u00e3o \u00e0 sua cruz, para reconhecermos que no sofrimento podemos renascer para uma vida nova, onde o amor fala mais forte do que a dor, e a vida ganha um novo significado.<\/p>\n<p style=\"text-align: justify\">Por intercess\u00e3o de Nossa Senhora de Caravaggio, nossa m\u00e3e, rainha e padroeira de nossa Diocese, vos aben\u00e7oe o Deus todo poderoso, Pai e Filho e Esp\u00edrito Santo. Am\u00e9m.<\/p>\n<p>&nbsp;<\/p>\n<p>&nbsp;    \t<\/p>\n","protected":false},"excerpt":{"rendered":"<p>Dom Jos\u00e9 Gislon Bispo de Caxias do Sul Estimados irm\u00e3os e irm\u00e3s em Cristo! Estamos nos preparando como Igreja, comunidade de f\u00e9, para celebrarmos a P\u00e1scoa do Senhor Jesus. E o fazemos a cada ano, vivendo a Quaresma, como um tempo privilegiado para olharmos a vida e o caminho percorrido, a partir do nosso \u201ceu\u201d &hellip;<\/p>\n<p class=\"read-more\"> <a class=\"\" href=\"https:\/\/www.cnbb.org.br\/solidariedade-e-esperanca\/\"> <span class=\"screen-reader-text\">Solidariedade e Esperan\u00e7a!<\/span> Leia mais &raquo;<\/a><\/p>\n","protected":false},"author":20,"featured_media":0,"comment_status":"closed","ping_status":"open","sticky":false,"template":"","format":"standard","meta":{"site-sidebar-layout":"default","site-content-layout":"default","ast-global-header-display":"","ast-banner-title-visibility":"","ast-main-header-display":"","ast-hfb-above-header-display":"","ast-hfb-below-header-display":"","ast-hfb-mobile-header-display":"","site-post-title":"","ast-breadcrumbs-content":"","ast-featured-img":"","footer-sml-layout":"","theme-transparent-header-meta":"","adv-header-id-meta":"","stick-header-meta":"","header-above-stick-meta":"","header-main-stick-meta":"","header-below-stick-meta":""},"categories":[1],"tags":[],"acf":[],"_links":{"self":[{"href":"https:\/\/www.cnbb.org.br\/cnbb-app\/wp\/v2\/posts\/235426"}],"collection":[{"href":"https:\/\/www.cnbb.org.br\/cnbb-app\/wp\/v2\/posts"}],"about":[{"href":"https:\/\/www.cnbb.org.br\/cnbb-app\/wp\/v2\/types\/post"}],"author":[{"embeddable":true,"href":"https:\/\/www.cnbb.org.br\/cnbb-app\/wp\/v2\/users\/20"}],"replies":[{"embeddable":true,"href":"https:\/\/www.cnbb.org.br\/cnbb-app\/wp\/v2\/comments?post=235426"}],"version-history":[{"count":0,"href":"https:\/\/www.cnbb.org.br\/cnbb-app\/wp\/v2\/posts\/235426\/revisions"}],"wp:attachment":[{"href":"https:\/\/www.cnbb.org.br\/cnbb-app\/wp\/v2\/media?parent=235426"}],"wp:term":[{"taxonomy":"category","embeddable":true,"href":"https:\/\/www.cnbb.org.br\/cnbb-app\/wp\/v2\/categories?post=235426"},{"taxonomy":"post_tag","embeddable":true,"href":"https:\/\/www.cnbb.org.br\/cnbb-app\/wp\/v2\/tags?post=235426"}],"curies":[{"name":"wp","href":"https:\/\/api.w.org\/{rel}","templated":true}]}}