{"id":235428,"date":"2020-03-19T17:17:17","date_gmt":"2020-03-19T20:17:17","guid":{"rendered":"https:\/\/www.cnbb.org.br\/?p=235428"},"modified":"2020-03-19T17:17:17","modified_gmt":"2020-03-19T20:17:17","slug":"cristo-redentor-se-veste-de-esperanca-pela-intercessao-aos-enfermos-do-coronavirus","status":"publish","type":"post","link":"https:\/\/www.cnbb.org.br\/cristo-redentor-se-veste-de-esperanca-pela-intercessao-aos-enfermos-do-coronavirus\/","title":{"rendered":"Cristo Redentor se ilumina pela intercess\u00e3o aos enfermos do coronav\u00edrus"},"content":{"rendered":"<p style=\"text-align: justify\"><a href=\"https:\/\/www.cnbb.org.br\/cristo-redentor-se-veste-de-esperanca-pela-intercessao-aos-enfermos-do-coronavirus\/redentor-oracao\/\" rel=\"attachment wp-att-235431\"><img decoding=\"async\" loading=\"lazy\" class=\"size-medium wp-image-235431 alignleft\" src=\"https:\/\/www.cnbb.org.br\/wp-content\/uploads\/2020\/03\/Redentor-ora\u00e7\u00e3o--225x300.jpeg\" alt=\"\" width=\"225\" height=\"300\" srcset=\"https:\/\/www.cnbb.org.br\/wp-content\/uploads\/2020\/03\/Redentor-ora\u00e7\u00e3o--225x300.jpeg 225w, https:\/\/www.cnbb.org.br\/wp-content\/uploads\/2020\/03\/Redentor-ora\u00e7\u00e3o--300x400.jpeg 300w, https:\/\/www.cnbb.org.br\/wp-content\/uploads\/2020\/03\/Redentor-ora\u00e7\u00e3o--500x667.jpeg 500w, https:\/\/www.cnbb.org.br\/wp-content\/uploads\/2020\/03\/Redentor-ora\u00e7\u00e3o-.jpeg 720w\" sizes=\"(max-width: 225px) 100vw, 225px\" \/><\/a>Ontem, 18 de mar\u00e7o, \u00e0s 20h, a arquidiocese de S\u00e3o Sebasti\u00e3o do Rio de Janeiro realizou, no Santu\u00e1rio Cristo Redentor, uma noite de intercess\u00e3o pelos cerca de 150 pa\u00edses com casos de Coronav\u00edrus. Ao final, foi realizada uma proje\u00e7\u00e3o especial (mapping) no monumento ao Cristo Redentor, com as bandeiras de todas essas na\u00e7\u00f5es e continentes afetados pelo coronav\u00edrus. O ato foi sem p\u00fablico, apenas com a presen\u00e7a da imprensa.<\/p>\n<p style=\"text-align: justify\">O Redentor se cobriu com a hastag <strong>#rezemos juntos<\/strong>, em v\u00e1ria l\u00ednguas, escolhida pelo Papa Francisco para unir o mundo em ora\u00e7\u00e3o nas redes sociais.\u00a0 No alto do Corcovado, foi rezada a ora\u00e7\u00e3o do Pai Nosso pelo arcebispo do Rio, cardeal Orani Jo\u00e3o Tempesta, e pelo reitor do Santu\u00e1rio Cristo Redentor, padre Omar.<\/p>\n<p style=\"text-align: justify\">O cardeal dedicou \u00e0 ora\u00e7\u00e3o \u00e0 S\u00e3o Sebasti\u00e3o, padroeiro da cidade do Rio de Janeiro. &#8220;<em>Pe\u00e7amos ao Senhor para que pare esse prolifera\u00e7\u00e3o, para que cumpramos nossa obriga\u00e7\u00e3o de cidad\u00e3os e tamb\u00e9m seja o Senhor a parar tudo isso e a ajudar para que todos n\u00f3s possamos sonhar com um amanh\u00e3 melhor<\/em>&#8220;, invocou o religioso.<\/p>\n<p style=\"text-align: justify\">Sobre o momento da pandemia do coronav\u00edrus, o arcebispo disse estar aos p\u00e9s do Redentor pedindo por todas as fam\u00edlias, por todas as pessoas que passam\u00a0 por esse momento dif\u00edcil ou que est\u00e3o em querentena e aos que perderam entes queridos.<\/p>\n<p style=\"text-align: justify\">&#8220;<em>Estamos rezando por todos, para que, mesmo no sofrimento, mesmo nas dificuldades, tenham sempre a esperan\u00e7a&#8221;<\/em>, disse.<\/p>\n<p style=\"text-align: justify\">\u201c<em>O arcebispo ressaltou que o tempo da Quaresma \u00e9 o tempo de aprofundamento da f\u00e9 para se chegar \u00e0 experi\u00eancia da Ressurrei\u00e7\u00e3o. &#8220;N\u00f3s rezamos e pedimos que as autoridades encontrem os caminhos e todos colaborem para que o quanto antes possamos fazer a experi\u00eancia de que esse tempo passou, foi vencido esse momento t\u00e3o dif\u00edcil, e cheguemos, com alegria, a poder nos abra\u00e7ar novamente, a nos cumprimentar. Essa \u00e9 justamente a nossa esperan\u00e7a e nossa confian\u00e7a\u201d<\/em>, afirmou dom Orani.<\/p>\n<p style=\"text-align: justify\"><strong>Papa Francisco em ora\u00e7\u00e3o <\/strong><\/p>\n<p style=\"text-align: justify\">O Papa Francisco est\u00e1 unido em ora\u00e7\u00e3o com o mundo todo e lan\u00e7ou nas m\u00eddias sociais a hashtag #rezemosjuntos em v\u00e1rias l\u00ednguas, mobilizando o mundo em uma corrente de intercess\u00e3o pelos enfermos. As hashtags v\u00e3o finalizar a proje\u00e7\u00e3o no Cristo Redentor. Na tarde de domingo, 15, o Sumo Pont\u00edfice saiu do Vaticano e foi at\u00e9 a Bas\u00edlica de Santa Maria Maior para rezar diante do \u00edcone de Nossa Senhora Salus populi Romani (protetora do povo romano). Depois, percorrendo a p\u00e9 um trecho da &#8220;Via del Corso&#8221;, no centro de Roma, foi at\u00e9 a Igreja de S\u00e3o Marcelo, onde se encontra o Crucifixo milagroso que, em 1522, foi levado em prociss\u00e3o pelos bairros da cidade, pelo fim da &#8220;Grande Peste&#8221;.<\/p>\n<p style=\"text-align: justify\">Na ora\u00e7\u00e3o, o Papa Francisco invocou o fim da pandemia em todo o mundo, implorou a cura para os doentes, recordou as v\u00edtimas e pediu que familiares e amigos encontrem consola\u00e7\u00e3o e conforto. A inten\u00e7\u00e3o da ora\u00e7\u00e3o do Papa tamb\u00e9m se dirigiu aos agentes de sa\u00fade, aos m\u00e9dicos, aos enfermeiros e a todos que continuam trabalhando para o funcionamento da sociedade.<\/p>\n","protected":false},"excerpt":{"rendered":"<p>O Redentor se cobriu com a hastag #rezemosjuntos escolhida pelo Papa para unir o mundo em ora\u00e7\u00e3o nas redes sociais<\/p>\n","protected":false},"author":83,"featured_media":235472,"comment_status":"closed","ping_status":"open","sticky":false,"template":"","format":"standard","meta":{"site-sidebar-layout":"default","site-content-layout":"default","ast-global-header-display":"","ast-banner-title-visibility":"","ast-main-header-display":"","ast-hfb-above-header-display":"","ast-hfb-below-header-display":"","ast-hfb-mobile-header-display":"","site-post-title":"","ast-breadcrumbs-content":"","ast-featured-img":"","footer-sml-layout":"","theme-transparent-header-meta":"","adv-header-id-meta":"","stick-header-meta":"","header-above-stick-meta":"","header-main-stick-meta":"","header-below-stick-meta":""},"categories":[841],"tags":[2367,2346,1854],"acf":[],"_links":{"self":[{"href":"https:\/\/www.cnbb.org.br\/cnbb-app\/wp\/v2\/posts\/235428"}],"collection":[{"href":"https:\/\/www.cnbb.org.br\/cnbb-app\/wp\/v2\/posts"}],"about":[{"href":"https:\/\/www.cnbb.org.br\/cnbb-app\/wp\/v2\/types\/post"}],"author":[{"embeddable":true,"href":"https:\/\/www.cnbb.org.br\/cnbb-app\/wp\/v2\/users\/83"}],"replies":[{"embeddable":true,"href":"https:\/\/www.cnbb.org.br\/cnbb-app\/wp\/v2\/comments?post=235428"}],"version-history":[{"count":0,"href":"https:\/\/www.cnbb.org.br\/cnbb-app\/wp\/v2\/posts\/235428\/revisions"}],"wp:featuredmedia":[{"embeddable":true,"href":"https:\/\/www.cnbb.org.br\/cnbb-app\/wp\/v2\/media\/235472"}],"wp:attachment":[{"href":"https:\/\/www.cnbb.org.br\/cnbb-app\/wp\/v2\/media?parent=235428"}],"wp:term":[{"taxonomy":"category","embeddable":true,"href":"https:\/\/www.cnbb.org.br\/cnbb-app\/wp\/v2\/categories?post=235428"},{"taxonomy":"post_tag","embeddable":true,"href":"https:\/\/www.cnbb.org.br\/cnbb-app\/wp\/v2\/tags?post=235428"}],"curies":[{"name":"wp","href":"https:\/\/api.w.org\/{rel}","templated":true}]}}