{"id":235708,"date":"2020-03-24T09:39:46","date_gmt":"2020-03-24T12:39:46","guid":{"rendered":"https:\/\/www.cnbb.org.br\/?p=235708"},"modified":"2020-09-08T14:10:28","modified_gmt":"2020-09-08T17:10:28","slug":"coronavirus-orientacoes-para-celebracoes-liturgicas-e-outras-concentracoes","status":"publish","type":"post","link":"https:\/\/www.cnbb.org.br\/coronavirus-orientacoes-para-celebracoes-liturgicas-e-outras-concentracoes\/","title":{"rendered":"Coronav\u00edrus: Orienta\u00e7\u00f5es para celebra\u00e7\u00f5es lit\u00fargicas e outras concentra\u00e7\u00f5es"},"content":{"rendered":"<p style=\"text-align: right\"><strong>Dom Alo\u00edsio Alberto Dilli<br \/>\nBispo de Santa Cruz do Sul<\/strong><\/p>\n<p>&nbsp;<\/p>\n<p style=\"text-align: justify\">Caros diocesanos. Considerando a situa\u00e7\u00e3o de pandemia, provocada pelo Coronav\u00edrus (Covid 19), houvemos por bem emitir algumas orienta\u00e7\u00f5es para a diocese e par\u00f3quias:<\/p>\n<p style=\"text-align: justify\"><strong>1\u00b0.<\/strong> Evitem-se concentra\u00e7\u00f5es de fi\u00e9is no per\u00edodo de emerg\u00eancia, tanto para celebra\u00e7\u00f5es quanto para outros fins, transferindo eventos ou cancelando-os.<\/p>\n<p style=\"text-align: justify\"><strong>2\u00b0.<\/strong> Celebra\u00e7\u00f5es e encontros de aglomera\u00e7\u00e3o em igrejas, sal\u00f5es comunit\u00e1rios, salas, orat\u00f3rios e outras depend\u00eancias sejam canceladas durante a emerg\u00eancia. A CNBB prop\u00f5e (14\/03\/20): \u201c<em>Sejamos disciplinados, obede\u00e7amos \u00e0s orienta\u00e7\u00f5es e decis\u00f5es para nosso bem, e n\u00e3o nos falte o discernimento s\u00e1bio para cancelamentos e orienta\u00e7\u00f5es que preservem a vida como compromisso com nosso dom mais precioso<\/em>\u201d.<\/p>\n<p style=\"text-align: justify\"><strong>3\u00b0.<\/strong> Dentro do permitido, nossos templos continuam de portas abertas para a ora\u00e7\u00e3o individual, tomando todas as precau\u00e7\u00f5es para evitar cont\u00e1gio nos diversos ambientes. Missas ou outras celebra\u00e7\u00f5es somente acontecer\u00e3o em privado, de portas fechadas.<\/p>\n<p style=\"text-align: justify\"><strong>4\u00b0.<\/strong> As visitas dos Ministros (ordenados ou n\u00e3o) aos hospitais, casas geri\u00e1tricas ou particulares, somente sejam realizadas em casos especiais e permitidos pelas autoridades de sa\u00fade, com todas as precau\u00e7\u00f5es. Diz o Papa Francisco (13\/03\/20): \u201c<em>O Esp\u00edrito Santo d\u00ea aos pastores a capacidade e o discernimento pastoral a fim de que providenciem medidas que n\u00e3o deixem sozinho o santo povo fiel de Deus<\/em>\u201d.<\/p>\n<p style=\"text-align: justify\"><strong>5\u00b0.<\/strong> Incentivamos ora\u00e7\u00f5es em casa, sobretudo ao redor da Palavra de Deus, t\u00e3o ricamente distribu\u00edda no tempo da quaresma, que nos prepara para a P\u00e1scoa, passagem da morte para a vida. Recomendamos tamb\u00e9m aos fi\u00e9is o acompanhamento de missas, transmitidas pelas emissoras de r\u00e1dio ou pelas TVs cat\u00f3licas e outros programas de cunho religioso, atrav\u00e9s das redes sociais; na quaresma, valorizemos a Campanha da Fraternidade, com o oportuno tema: \u201c<em>Vida, dom e compromisso<\/em>\u201d; usemos tamb\u00e9m os roteiros de prepara\u00e7\u00e3o para a P\u00e1scoa e, em seguida, os \u201c<em>Encontros dos Grupos de Jesus<\/em>\u201d da diocese, que valorizam especialmente a B\u00edblia e a Leitura Orante da mesma. Igualmente, aproveitemos este momento de pandemia para estreitar nossos la\u00e7os de conviv\u00eancia, de reflex\u00e3o e ora\u00e7\u00e3o, mais pelo uso sadio dos modernos meios de comunica\u00e7\u00e3o do que por encontros f\u00edsicos.<\/p>\n<p style=\"text-align: justify\"><strong>6\u00b0.<\/strong> Os servi\u00e7os rotineiros da diocese e das par\u00f3quias continuam em forma de emerg\u00eancia, tomando todos os cuidados de preven\u00e7\u00e3o. Neste tempo da quaresma, prosseguimos com o atendimento das confiss\u00f5es, lembrando as orienta\u00e7\u00f5es dos \u00f3rg\u00e3os de sa\u00fade, como a dist\u00e2ncia nos locais de conv\u00edvio e uso de pel\u00edculas protetoras.<\/p>\n<p style=\"text-align: justify\">Estas orienta\u00e7\u00f5es indicam o caminho a seguir em toda nossa diocese, com a devida prud\u00eancia e sabedoria, podendo ser alteradas no caso de cessar a pandemia ou em situa\u00e7\u00e3o de maior gravidade. Elas n\u00e3o pretendem assustar os fi\u00e9is, mas tentamos assumir a parte de responsabilidade que nos cabe. Contamos tamb\u00e9m com a compreens\u00e3o e a colabora\u00e7\u00e3o de todos para que evitemos uma generaliza\u00e7\u00e3o epid\u00eamica, de consequ\u00eancias imprevis\u00edveis, sobretudo para os pobres e idosos. Rezemos pelos profissionais de sa\u00fade, pelos que prestam os servi\u00e7os b\u00e1sicos do dia-a-dia, pelos que sofrem e pelos doentes. Nesta situa\u00e7\u00e3o de pandemia, fa\u00e7amos os sacrif\u00edcios necess\u00e1rios, sempre por amor \u00e0 vida, precioso dom e compromisso que Deus nos deu, assim como a nossos irm\u00e3os e irm\u00e3s.<\/p>\n<p style=\"text-align: justify\">Por intercess\u00e3o de S\u00e3o Jo\u00e3o Batista, o Senhor vos aben\u00e7oe e vos guarde.<\/p>\n<p>&nbsp;<\/p>\n<p><em>\u00a0<\/em>    \t<\/p>\n","protected":false},"excerpt":{"rendered":"<p>Dom Alo\u00edsio Alberto Dilli Bispo de Santa Cruz do Sul &nbsp; Caros diocesanos. Considerando a situa\u00e7\u00e3o de pandemia, provocada pelo Coronav\u00edrus (Covid 19), houvemos por bem emitir algumas orienta\u00e7\u00f5es para a diocese e par\u00f3quias: 1\u00b0. Evitem-se concentra\u00e7\u00f5es de fi\u00e9is no per\u00edodo de emerg\u00eancia, tanto para celebra\u00e7\u00f5es quanto para outros fins, transferindo eventos ou cancelando-os. 2\u00b0. &hellip;<\/p>\n<p class=\"read-more\"> <a class=\"\" href=\"https:\/\/www.cnbb.org.br\/coronavirus-orientacoes-para-celebracoes-liturgicas-e-outras-concentracoes\/\"> <span class=\"screen-reader-text\">Coronav\u00edrus: Orienta\u00e7\u00f5es para celebra\u00e7\u00f5es lit\u00fargicas e outras concentra\u00e7\u00f5es<\/span> Leia mais &raquo;<\/a><\/p>\n","protected":false},"author":33,"featured_media":0,"comment_status":"closed","ping_status":"open","sticky":false,"template":"","format":"standard","meta":{"site-sidebar-layout":"default","site-content-layout":"default","ast-global-header-display":"","ast-banner-title-visibility":"","ast-main-header-display":"","ast-hfb-above-header-display":"","ast-hfb-below-header-display":"","ast-hfb-mobile-header-display":"","site-post-title":"","ast-breadcrumbs-content":"","ast-featured-img":"","footer-sml-layout":"","theme-transparent-header-meta":"","adv-header-id-meta":"","stick-header-meta":"","header-above-stick-meta":"","header-main-stick-meta":"","header-below-stick-meta":""},"categories":[758],"tags":[],"acf":[],"_links":{"self":[{"href":"https:\/\/www.cnbb.org.br\/cnbb-app\/wp\/v2\/posts\/235708"}],"collection":[{"href":"https:\/\/www.cnbb.org.br\/cnbb-app\/wp\/v2\/posts"}],"about":[{"href":"https:\/\/www.cnbb.org.br\/cnbb-app\/wp\/v2\/types\/post"}],"author":[{"embeddable":true,"href":"https:\/\/www.cnbb.org.br\/cnbb-app\/wp\/v2\/users\/33"}],"replies":[{"embeddable":true,"href":"https:\/\/www.cnbb.org.br\/cnbb-app\/wp\/v2\/comments?post=235708"}],"version-history":[{"count":0,"href":"https:\/\/www.cnbb.org.br\/cnbb-app\/wp\/v2\/posts\/235708\/revisions"}],"wp:attachment":[{"href":"https:\/\/www.cnbb.org.br\/cnbb-app\/wp\/v2\/media?parent=235708"}],"wp:term":[{"taxonomy":"category","embeddable":true,"href":"https:\/\/www.cnbb.org.br\/cnbb-app\/wp\/v2\/categories?post=235708"},{"taxonomy":"post_tag","embeddable":true,"href":"https:\/\/www.cnbb.org.br\/cnbb-app\/wp\/v2\/tags?post=235708"}],"curies":[{"name":"wp","href":"https:\/\/api.w.org\/{rel}","templated":true}]}}