{"id":23586,"date":"2011-07-29T00:00:00","date_gmt":"2011-07-29T03:00:00","guid":{"rendered":"https:\/\/www.cnbb.org.br\/diocese-de-oeiras-estuda-dgae-em-reuniao-da-coordenacao-de-pastoral\/"},"modified":"2011-07-29T00:00:00","modified_gmt":"2011-07-29T03:00:00","slug":"diocese-de-oeiras-estuda-dgae-em-reuniao-da-coordenacao-de-pastoral","status":"publish","type":"post","link":"https:\/\/www.cnbb.org.br\/diocese-de-oeiras-estuda-dgae-em-reuniao-da-coordenacao-de-pastoral\/","title":{"rendered":"Diocese de Oeiras estuda DGAE em reuni\u00e3o da coordena\u00e7\u00e3o de Pastoral"},"content":{"rendered":"<p style=\"text-align: justify\">Os representantes das Pastorais, Organismos e Movimentos da diocese de Oeiras (PI) se reuniram na tarde de quarta-feira, 27, na Casa Episcopal Jo\u00e3o Paulo II para a reuni\u00e3o da Coordena\u00e7\u00e3o Diocesana de Pastoral.<\/p>\n<p><!--more--><\/p>\n<p style=\"text-align: justify\">Os participantes estudaram e partilharam a s\u00edntese das Diretrizes Gerais da A\u00e7\u00e3o Evangelizadora da Igreja no Brasil (DGAE), documento 94 da Confer\u00eancia Nacional dos Bispos do Brasil (CNBB), estudada na Assembleia de Catequese do Regional Nordeste 4 (Piau\u00ed), no in\u00edcio deste m\u00eas em Teresina.<\/p>\n<p style=\"text-align: justify\">O bispo diocesano de Oeiras, dom Juarez Sousa da Silva, apresentou o Guia Pastoral Diocesano. Afirmou que \u201ca Igreja vive um per\u00edodo de urg\u00eancia na catequese\u201d. \u201c\u00c9 preciso elaborar um Plano de Pastoral catequ\u00e9tica que tenha como fundamento a Palavra de Deus que \u00e9 o pr\u00f3prio Cristo encarnado\u201d, destacou o bispo. Sobre as DGAE, dom Juarez enfatizou As cinco urg\u00eancias da a\u00e7\u00e3o evangelizadora: Igreja em estado permanente de miss\u00e3o; Igreja como casa da inicia\u00e7\u00e3o crist\u00e3; Igreja como lugar de anima\u00e7\u00e3o b\u00edblica da vida e da pastoral; Igreja como comunidade de comunidades e Igreja a servi\u00e7o da vida plena para todos. Convidou ainda a todas as pastorais a criarem um &#8220;pacto&#8221; pastoral.<\/p>\n<p style=\"text-align: justify\">Os coordenadores apresentaram as a\u00e7\u00f5es de cada pastoral. Destaque para a 12\u00aa Romaria da Terra e da \u00c1gua que acontece em Campo Maior (PI) nos dias 30 e 31 de julho; Semin\u00e1rio da Fam\u00edlia de 21 a 28 de agosto; Encontro Vocacional Diocesano nos dia 5 e 6 de agosto; Semana do Tr\u00e2nsito no m\u00eas de setembro; Semana do Estudante de 4 a 8 de agosto; Programa de R\u00e1dio a ser assumido por cada pastoral.<\/p>\n<p style=\"text-align: justify\"><strong>DGAE<\/strong><\/p>\n<p style=\"text-align: justify\">As Diretrizes t\u00eam como objetivo geral \u201cEvangelizar, a partir de Jesus Cristo e na for\u00e7a do Esp\u00edrito Santo, como Igreja disc\u00edpula, mission\u00e1ria e prof\u00e9tica, alimentada pela Palavra de Deus e pela Eucaristia, \u00e0 luz da evang\u00e9lica op\u00e7\u00e3o preferencial pelos pobres, para que todos tenham vida, rumo ao Reino definitivo\u201d.<\/p>\n","protected":false},"excerpt":{"rendered":"<p>Os representantes das Pastorais, Organismos e Movimentos da diocese de Oeiras (PI) se reuniram na tarde de quarta-feira, 27, na Casa Episcopal Jo\u00e3o Paulo II para a reuni\u00e3o da Coordena\u00e7\u00e3o Diocesana de Pastoral.<\/p>\n","protected":false},"author":83,"featured_media":23587,"comment_status":"open","ping_status":"open","sticky":false,"template":"","format":"standard","meta":{"site-sidebar-layout":"default","site-content-layout":"default","ast-global-header-display":"","ast-banner-title-visibility":"","ast-main-header-display":"","ast-hfb-above-header-display":"","ast-hfb-below-header-display":"","ast-hfb-mobile-header-display":"","site-post-title":"","ast-breadcrumbs-content":"","ast-featured-img":"","footer-sml-layout":"","theme-transparent-header-meta":"","adv-header-id-meta":"","stick-header-meta":"","header-above-stick-meta":"","header-main-stick-meta":"","header-below-stick-meta":""},"categories":[817,769],"tags":[],"acf":[],"_links":{"self":[{"href":"https:\/\/www.cnbb.org.br\/cnbb-app\/wp\/v2\/posts\/23586"}],"collection":[{"href":"https:\/\/www.cnbb.org.br\/cnbb-app\/wp\/v2\/posts"}],"about":[{"href":"https:\/\/www.cnbb.org.br\/cnbb-app\/wp\/v2\/types\/post"}],"author":[{"embeddable":true,"href":"https:\/\/www.cnbb.org.br\/cnbb-app\/wp\/v2\/users\/83"}],"replies":[{"embeddable":true,"href":"https:\/\/www.cnbb.org.br\/cnbb-app\/wp\/v2\/comments?post=23586"}],"version-history":[{"count":0,"href":"https:\/\/www.cnbb.org.br\/cnbb-app\/wp\/v2\/posts\/23586\/revisions"}],"wp:featuredmedia":[{"embeddable":true,"href":"https:\/\/www.cnbb.org.br\/cnbb-app\/wp\/v2\/media\/23587"}],"wp:attachment":[{"href":"https:\/\/www.cnbb.org.br\/cnbb-app\/wp\/v2\/media?parent=23586"}],"wp:term":[{"taxonomy":"category","embeddable":true,"href":"https:\/\/www.cnbb.org.br\/cnbb-app\/wp\/v2\/categories?post=23586"},{"taxonomy":"post_tag","embeddable":true,"href":"https:\/\/www.cnbb.org.br\/cnbb-app\/wp\/v2\/tags?post=23586"}],"curies":[{"name":"wp","href":"https:\/\/api.w.org\/{rel}","templated":true}]}}