{"id":23606,"date":"2012-02-06T00:00:00","date_gmt":"2012-02-06T02:00:00","guid":{"rendered":"https:\/\/www.cnbb.org.br\/projeto-de-comunicacao-quer-animar-e-articular-pascom-no-regional-nordeste-4\/"},"modified":"2012-02-06T00:00:00","modified_gmt":"2012-02-06T02:00:00","slug":"projeto-de-comunicacao-quer-animar-e-articular-pascom-no-regional-nordeste-4","status":"publish","type":"post","link":"https:\/\/www.cnbb.org.br\/projeto-de-comunicacao-quer-animar-e-articular-pascom-no-regional-nordeste-4\/","title":{"rendered":"Projeto de Comunica\u00e7\u00e3o quer animar e articular Pascom no Regional Nordeste 4"},"content":{"rendered":"<p style=\"text-align: justify\">A Pastoral da Comunica\u00e7\u00e3o (Pascom) do Regional Nordeste 4 da CNBB (Piau\u00ed) esteve reunida durante toda quinta-feira, 2, no Centro de Treinamento da diocese de Picos com a finalidade de elaborar um Projeto de Comunica\u00e7\u00e3o Regional que abranja as diferentes realidades e a\u00e7\u00f5es comunicacionais de todas as dioceses do Piau\u00ed.<\/p>\n<p>  <!--more-->  <\/p>\n<p style=\"text-align: justify\">O encontro contou com a presen\u00e7a da irm\u00e3 \u00c9lide Maria Fogolari, assessora da Comiss\u00e3o Episcopal Pastoral para a Comunica\u00e7\u00e3o Social da CNBB, de dom Pl\u00ednio Jos\u00e9 Luz da Silva, bispo referencial pela Comunica\u00e7\u00e3o no Regional, al\u00e9m de alguns padres, leigos e profissionais de comunica\u00e7\u00e3o das dioceses de Teresina, Parana\u00edba, Campo Maior, Oeiras, Floriano e Picos.<\/p>\n<p style=\"text-align: justify\">O projeto tem como objetivo \u201canimar e articular a comunica\u00e7\u00e3o no Regional Nordeste 4 em comunh\u00e3o com a Igreja no Brasil, considerando os meios e os processos de comunica\u00e7\u00e3o, tendo presente a cultura gerada pelas novas tecnologias e os documentos da Igreja, para anunciar o Reino de Deus\u201d.<\/p>\n<p style=\"text-align: justify\">Durante o encontro irm\u00e3 \u00c9lide Fogolari destacou a import\u00e2ncia do planejamento para a efic\u00e1cia e efici\u00eancia nas a\u00e7\u00f5es comunicacionais, bem como nas atividades da Igreja, podendo este Projeto de Comunica\u00e7\u00e3o ser um espelho ou indicativa para as pastorais.<\/p>\n<p style=\"text-align: justify\">A irm\u00e3 \u00c9lide acrescentou que na atualidade n\u00e3o se consegue mais nenhuma a\u00e7\u00e3o, seja de cunho pastoral ou n\u00e3o, quando n\u00e3o se coloca no papel o objetivo a ser atingido, afirmando que \u201ceste projeto vem responder a uma comunica\u00e7\u00e3o pensada, refletida, com metas a serem alcan\u00e7adas, porque anunciar Jesus Cristo n\u00e3o \u00e9 fazer qualquer coisa, \u00e9 trabalhar com qualidade, e a comunica\u00e7\u00e3o vem fazer com que todas as pastorais se qualifiquem e levem aos cora\u00e7\u00f5es das pessoas Jesus Cristo que deu a vida por n\u00f3s e que nos ama\u201d.<\/p>\n<p style=\"text-align: justify\">Segundo dom Pl\u00ednio Jos\u00e9, o encontro foi um avan\u00e7o para a comunica\u00e7\u00e3o no Regional Nordeste 4,\u00a0 fortalecendo a proximidade entre as dioceses e para organizar o trabalho da Pascom.<\/p>\n<p style=\"text-align: justify\">\u201cRessalto o entusiasmo dos participantes das seis dioceses que se fizeram presentes, oportunidade para solidificar esta proximidade\u00a0 e intera\u00e7\u00e3o\u00a0 a partir das experi\u00eancias em cada diocese. A presen\u00e7a da Ir. \u00c9lide foi muito significativa, enquanto assessora ela representa para n\u00f3s um grande apoio, e neste encontro, muito contribuiu nos ajudando a tra\u00e7ar caminhos novos para a no Regional Nordeste 4\u201d, pontuou dom Pl\u00ednio.<\/p>\n<p style=\"text-align: justify\">Ap\u00f3s edi\u00e7\u00e3o, o Projeto de Comunica\u00e7\u00e3o ser\u00e1 enviado para todos os bispos do Piau\u00ed, bem como para os coordenadores de pastorais.<\/p>\n","protected":false},"excerpt":{"rendered":"<p>A Pastoral da Comunica\u00e7\u00e3o (Pascom) do Regional Nordeste 4 da CNBB (Piau\u00ed) esteve reunida durante toda quinta-feira, 2, no Centro de Treinamento da diocese de Picos com a finalidade de elaborar um Projeto de Comunica\u00e7\u00e3o Regional que abranja as diferentes realidades e a\u00e7\u00f5es comunicacionais de todas as dioceses do Piau\u00ed.<\/p>\n","protected":false},"author":83,"featured_media":23607,"comment_status":"open","ping_status":"open","sticky":false,"template":"","format":"standard","meta":{"site-sidebar-layout":"default","site-content-layout":"default","ast-global-header-display":"","ast-banner-title-visibility":"","ast-main-header-display":"","ast-hfb-above-header-display":"","ast-hfb-below-header-display":"","ast-hfb-mobile-header-display":"","site-post-title":"","ast-breadcrumbs-content":"","ast-featured-img":"","footer-sml-layout":"","theme-transparent-header-meta":"","adv-header-id-meta":"","stick-header-meta":"","header-above-stick-meta":"","header-main-stick-meta":"","header-below-stick-meta":""},"categories":[817,769],"tags":[],"acf":[],"_links":{"self":[{"href":"https:\/\/www.cnbb.org.br\/cnbb-app\/wp\/v2\/posts\/23606"}],"collection":[{"href":"https:\/\/www.cnbb.org.br\/cnbb-app\/wp\/v2\/posts"}],"about":[{"href":"https:\/\/www.cnbb.org.br\/cnbb-app\/wp\/v2\/types\/post"}],"author":[{"embeddable":true,"href":"https:\/\/www.cnbb.org.br\/cnbb-app\/wp\/v2\/users\/83"}],"replies":[{"embeddable":true,"href":"https:\/\/www.cnbb.org.br\/cnbb-app\/wp\/v2\/comments?post=23606"}],"version-history":[{"count":0,"href":"https:\/\/www.cnbb.org.br\/cnbb-app\/wp\/v2\/posts\/23606\/revisions"}],"wp:featuredmedia":[{"embeddable":true,"href":"https:\/\/www.cnbb.org.br\/cnbb-app\/wp\/v2\/media\/23607"}],"wp:attachment":[{"href":"https:\/\/www.cnbb.org.br\/cnbb-app\/wp\/v2\/media?parent=23606"}],"wp:term":[{"taxonomy":"category","embeddable":true,"href":"https:\/\/www.cnbb.org.br\/cnbb-app\/wp\/v2\/categories?post=23606"},{"taxonomy":"post_tag","embeddable":true,"href":"https:\/\/www.cnbb.org.br\/cnbb-app\/wp\/v2\/tags?post=23606"}],"curies":[{"name":"wp","href":"https:\/\/api.w.org\/{rel}","templated":true}]}}