{"id":236144,"date":"2020-03-30T14:40:15","date_gmt":"2020-03-30T17:40:15","guid":{"rendered":"https:\/\/www.cnbb.org.br\/?p=236144"},"modified":"2020-03-30T14:40:15","modified_gmt":"2020-03-30T17:40:15","slug":"presidente-do-regional-nordeste-5-divulga-carta-ao-povo-de-deus-no-maranhao","status":"publish","type":"post","link":"https:\/\/www.cnbb.org.br\/presidente-do-regional-nordeste-5-divulga-carta-ao-povo-de-deus-no-maranhao\/","title":{"rendered":"Presidente do regional Nordeste 5 divulga carta ao povo de Deus no Maranh\u00e3o"},"content":{"rendered":"<p class=\"XzvDs _208Ie tFDi5 blog-post-text-font blog-post-text-color _2QAo- _1iXso _7G6-i tFDi5\" style=\"text-align: justify\">Na manh\u00e3 desta segunda-feira (30), o presidente do regional Nordeste 5, dom Sebasti\u00e3o Bandeira, bispo da diocese de Coroat\u00e1, divulgou carta \u00e0 Igreja do Maranh\u00e3o sobre as celebra\u00e7\u00f5es das pr\u00f3ximas semanas.<\/p>\n<p class=\"XzvDs _208Ie tFDi5 blog-post-text-font blog-post-text-color _2QAo- _1iXso _7G6-i tFDi5\" style=\"text-align: justify\">No texto, o bispo afirma que neste ano, as doze dioceses da Igreja Cat\u00f3lica do Maranh\u00e3o, tomaram a decis\u00e3o de realizar as celebra\u00e7\u00f5es sem a presen\u00e7a f\u00edsica das pessoas, acatando as orienta\u00e7\u00f5es dos profissionais de sa\u00fade, da experi\u00eancia internacional e respeitando os decretos das autoridades governamentais. &#8220;Embora nos cause sofrimento, este \u00e9 um gesto de zelo e cuidado para com a nossa popula\u00e7\u00e3o que merece ser protegida de t\u00e3o grave perigo&#8221;, diz um trecho.<\/p>\n<p class=\"XzvDs _208Ie tFDi5 blog-post-text-font blog-post-text-color _2QAo- _1iXso _7G6-i tFDi5\" style=\"text-align: justify\">Na carta, os bispos afirmam estarem convictos de que a melhor forma de proteger e evitar danos maiores em consequ\u00eancia da contamina\u00e7\u00e3o do novo coronav\u00edrus \u00e9 &#8220;assumir de maneira respons\u00e1vel o isolamento social, isto \u00e9 ficar em casa, no tempo em que for necess\u00e1rio&#8221;.<\/p>\n<p><a href=\"https:\/\/www.cnbbne5.org\/post\/presidente-do-regional-ne-5-divulga-carta-ao-povo-de-deus-no-maranh%C3%A3o\" target=\"_blank\" rel=\"noopener\">Confira a carta na \u00edntegra<\/a>.<\/p>\n<div class=\"XzvDs _208Ie tFDi5 blog-post-text-font blog-post-text-color _2QAo- _1iXso _7G6-i tFDi5\" style=\"text-align: justify\"><\/div>\n","protected":false},"excerpt":{"rendered":"<p>Dom Sebasti\u00e3o Bandeira, bispo da diocese de Coroat\u00e1, divulgou carta \u00e0 Igreja do Maranh\u00e3o sobre as celebra\u00e7\u00f5es das pr\u00f3ximas semanas<\/p>\n","protected":false},"author":83,"featured_media":236147,"comment_status":"closed","ping_status":"open","sticky":false,"template":"","format":"standard","meta":{"site-sidebar-layout":"default","site-content-layout":"default","ast-global-header-display":"","ast-banner-title-visibility":"","ast-main-header-display":"","ast-hfb-above-header-display":"","ast-hfb-below-header-display":"","ast-hfb-mobile-header-display":"","site-post-title":"","ast-breadcrumbs-content":"","ast-featured-img":"","footer-sml-layout":"","theme-transparent-header-meta":"","adv-header-id-meta":"","stick-header-meta":"","header-above-stick-meta":"","header-main-stick-meta":"","header-below-stick-meta":""},"categories":[821],"tags":[],"acf":[],"_links":{"self":[{"href":"https:\/\/www.cnbb.org.br\/cnbb-app\/wp\/v2\/posts\/236144"}],"collection":[{"href":"https:\/\/www.cnbb.org.br\/cnbb-app\/wp\/v2\/posts"}],"about":[{"href":"https:\/\/www.cnbb.org.br\/cnbb-app\/wp\/v2\/types\/post"}],"author":[{"embeddable":true,"href":"https:\/\/www.cnbb.org.br\/cnbb-app\/wp\/v2\/users\/83"}],"replies":[{"embeddable":true,"href":"https:\/\/www.cnbb.org.br\/cnbb-app\/wp\/v2\/comments?post=236144"}],"version-history":[{"count":0,"href":"https:\/\/www.cnbb.org.br\/cnbb-app\/wp\/v2\/posts\/236144\/revisions"}],"wp:featuredmedia":[{"embeddable":true,"href":"https:\/\/www.cnbb.org.br\/cnbb-app\/wp\/v2\/media\/236147"}],"wp:attachment":[{"href":"https:\/\/www.cnbb.org.br\/cnbb-app\/wp\/v2\/media?parent=236144"}],"wp:term":[{"taxonomy":"category","embeddable":true,"href":"https:\/\/www.cnbb.org.br\/cnbb-app\/wp\/v2\/categories?post=236144"},{"taxonomy":"post_tag","embeddable":true,"href":"https:\/\/www.cnbb.org.br\/cnbb-app\/wp\/v2\/tags?post=236144"}],"curies":[{"name":"wp","href":"https:\/\/api.w.org\/{rel}","templated":true}]}}