{"id":236162,"date":"2020-03-30T15:26:03","date_gmt":"2020-03-30T18:26:03","guid":{"rendered":"https:\/\/www.cnbb.org.br\/?p=236162"},"modified":"2020-09-08T14:10:21","modified_gmt":"2020-09-08T17:10:21","slug":"do-coracao-atribulado-esta-perto-o-senhor","status":"publish","type":"post","link":"https:\/\/www.cnbb.org.br\/do-coracao-atribulado-esta-perto-o-senhor\/","title":{"rendered":"Do cora\u00e7\u00e3o atribulado est\u00e1 perto o Senhor"},"content":{"rendered":"<p style=\"text-align: right\"><strong>Dom Jos\u00e9 Francisco<\/strong><br \/>\n<strong>Arcebispo de Niter\u00f3i<\/strong><\/p>\n<p style=\"text-align: justify\">\n<p style=\"text-align: justify\">Queridos irm\u00e3os no episcopado, consagradas presentes, irm\u00e3os no sacramento da Ordem, irm\u00e3os e irm\u00e3s pela consagra\u00e7\u00e3o e pelo Batismo, que nos acompanham de suas casas atrav\u00e9s das redes sociais.<\/p>\n<p style=\"text-align: justify\">Hoje, j\u00e1 tivemos a oportunidade de rezar com o Papa Francisco pelo fim dessa pandemia. Recebemos a sua b\u00ean\u00e7\u00e3o urbi et orbi, para a cidade e para o mundo, e tamb\u00e9m pudemos receber a gra\u00e7a da indulg\u00eancia plen\u00e1ria.<\/p>\n<p style=\"text-align: justify\">Queremos fazer nossas as palavras do Papa Francisco, na missa de hoje: \u201cNestes dias chegaram not\u00edcias de que muita gente come\u00e7a a se preocupar mais com os outros, pensam nas fam\u00edlias que n\u00e3o t\u00eam o suficiente para viver, nos idosos solit\u00e1rios, nos doentes em hospitais, rezam e buscam fazer chegar alguma ajuda\u2026 Esse \u00e9 um bom sinal. Agradecemos ao Senhor por suscitar esses sentimentos no cora\u00e7\u00e3o de seus fi\u00e9is\u201d.<\/p>\n<p style=\"text-align: justify\">Agora, reunidos como irm\u00e3os e irm\u00e3s Regional Leste 1, como irm\u00e3os e irm\u00e3s do Estado do Rio de Janeiro, nesta sexta-feira da Quaresma, queremos rezar pela supera\u00e7\u00e3o dessa pandemia que atinge o nosso mundo.<br \/>\nTemos um Redentor! Temos uma Auxiliadora! Com essa certeza de f\u00e9, n\u00f3s Bispos do Estado do Rio de Janeiro, estamos rezando em comunh\u00e3o com todo o nosso povo. Agora, cada Bispo do nosso Regional, em sua diocese, est\u00e1 celebrando a Eucaristia e pedindo a Deus Pai, atrav\u00e9s do sacrif\u00edcio redentor de Cristo, pelo fim dessa pandemia do coronav\u00edrus.<\/p>\n<p style=\"text-align: justify\">Estamos unidos aos sofrimentos de todos aqueles que est\u00e3o infectados pelo v\u00edrus e aos seus familiares.<\/p>\n<p style=\"text-align: justify\">Estamos unidos e agradecidos aos profissionais de sa\u00fade e a todos os funcion\u00e1rios que est\u00e3o colaborando para amenizar os sofrimentos nos hospitais.<\/p>\n<p style=\"text-align: justify\">Estamos unidos e agradecidos a todos aqueles que est\u00e3o trabalhando em tantos servi\u00e7os essenciais e colocando sua vida em favor dos irm\u00e3os.<\/p>\n<p style=\"text-align: justify\">Estamos unidos em ora\u00e7\u00e3o por todos aqueles que est\u00e3o sofrendo em situa\u00e7\u00f5es de vulnerabilidade e pobreza, sem condi\u00e7\u00f5es de viver o isolamento social pedido pelas autoridades sanit\u00e1rias.<\/p>\n<p style=\"text-align: justify\">Estamos unidos a todos que em suas casas est\u00e3o se esfor\u00e7ando por defender e preservar a vida, enfrentando os desafios do estar juntos todo o tempo, com os conflitos que da\u00ed podem surgir, mas convivendo em fam\u00edlia, rezando em fam\u00edlia, e animando os mais sofridos em esp\u00edrito de comunh\u00e3o e f\u00e9.<\/p>\n<p style=\"text-align: justify\">Estamos unidos e tamb\u00e9m rezamos nessa Eucaristia pela sa\u00fade de Dom Roberto Guimar\u00e3es \u2013 Bispo em\u00e9rito de Campos dos Goytacazes \u2013 que se encontra hospitalizado.<\/p>\n<p style=\"text-align: justify\">Temos um Redentor! Temos uma Auxiliadora! Como uma s\u00f3 fam\u00edlia do Estado do Rio de Janeiro, queremos acolher a Palavra de Deus. Nesse tempo da Quaresma, somos chamados a seguir os passos de Jesus em dire\u00e7\u00e3o \u00e0 Jerusal\u00e9m, para o cumprimento do seu Mist\u00e9rio Pascal. E os textos do Evangelho, desta semana e da semana que vem, mostram o conflito crescente das autoridades judaicas com Jesus, que vai culminar na sua morte na cruz.<\/p>\n<p style=\"text-align: justify\">A primeira leitura do livro da Sabedoria, pode ser aplicada a Jesus. Os \u00edmpios, os maus, sentem-se incomodados pelas atitudes dos justos. A luz que irradia das boas obras dos justos, revela a maldade das obras dos \u00edmpios. A vida dos justos torna-se uma censura para os \u00edmpios e, por isso, eles devem ser perseguidos.<br \/>\nO \u00f3dio dos \u00edmpios contra os justos come\u00e7a com ciladas, com armadilhas, passando depois para os insultos, chegando finalmente \u00e0 condena\u00e7\u00e3o \u00e0 morte. \u00c9 f\u00e1cil ver neste texto o rosto de Jesus, o Justo por excel\u00eancia, que sofre e morre por causa da maldade humana.<\/p>\n<p style=\"text-align: justify\">Temos um Redentor! Temos uma Auxiliadora! O evangelho nos diz que Jesus andava pela Galileia e evitava andar pela Judeia, porque os judeus queriam mat\u00e1-lo. Depois que seus parentes foram para a festa das Tendas, Jesus tamb\u00e9m subiu para Jerusal\u00e9m, mas em segredo. L\u00e1 pelo meio da festa, ele foi ao templo e ensinava. A tens\u00e3o ia crescendo e alguns se perguntavam: \u201cN\u00e3o \u00e9 este a quem procuram matar? Eis que fala em p\u00fablico e nada lhe dizem. Ser\u00e1 que as autoridades reconheceram que realmente ele \u00e9 o Cristo?\u201d<\/p>\n<p style=\"text-align: justify\">Com uma ironia sutil, Jesus declara que eles n\u00e3o O conhecem, porque para O conhecer verdadeiramente \u00e9 preciso acreditar que a Sua origem est\u00e1 no Pai e que foi o Pai que O enviou ao mundo. Quem n\u00e3o conhece a origem divina de Jesus n\u00e3o conhece o plano redentor do Pai e n\u00e3o conhece o pr\u00f3prio Deus, que \u00e9 Pai.<\/p>\n<p style=\"text-align: justify\">Estas palavras de Jesus irritaram os ouvintes, que desejavam reagir com viol\u00eancia. \u201cQueriam prend\u00ea-lo, mas ningu\u00e9m lhe p\u00f4s a m\u00e3o Nele, porque ainda n\u00e3o tinha chegado a sua hora\u201d. A hora de que nos fala o Evangelho, \u00e9 a hora da sua entrega total na cruz por amor e pela nossa salva\u00e7\u00e3o.<\/p>\n<p style=\"text-align: justify\">Pe\u00e7amos a Deus, Pai de bondade, que nos revele sempre mais o rosto de Cristo neste tempo da Quaresma, a fim de que n\u00e3o sejamos cegos como os seus contempor\u00e2neos, e que possamos crescer no conhecimento do mist\u00e9rio de sua Pessoa e da revela\u00e7\u00e3o de seu infinito amor.<\/p>\n<p style=\"text-align: justify\">Temos um Redentor! Temos uma Auxiliadora! Nesta Quaresma, dentro de nossas casas, que nossos p\u00e9s nos levem ao encontro de Jesus. Que nosso cora\u00e7\u00e3o e nossa alma nos conduzam ao mist\u00e9rio do cora\u00e7\u00e3o de Jesus. Que, todo nosso ser aspire a comungar com os sentimentos de Jesus. Que nossa ora\u00e7\u00e3o, unida ao sacrif\u00edcio de Cristo, alcance-nos a gra\u00e7a de superar essa pandemia.<\/p>\n<p style=\"text-align: justify\">Temos um Redentor! Temos uma Auxiliadora! Maria, a Senhora Auxiliadora, a primeira que se abriu para acolher o Salvador, interceda a Ele para que nos deixemos alcan\u00e7ar por seu amor e ven\u00e7amos essa pandemia.<\/p>\n<p style=\"text-align: justify\">\n<p>&nbsp;    \t<\/p>\n","protected":false},"excerpt":{"rendered":"<p>Dom Jos\u00e9 Francisco Arcebispo de Niter\u00f3i Queridos irm\u00e3os no episcopado, consagradas presentes, irm\u00e3os no sacramento da Ordem, irm\u00e3os e irm\u00e3s pela consagra\u00e7\u00e3o e pelo Batismo, que nos acompanham de suas casas atrav\u00e9s das redes sociais. Hoje, j\u00e1 tivemos a oportunidade de rezar com o Papa Francisco pelo fim dessa pandemia. Recebemos a sua b\u00ean\u00e7\u00e3o urbi &hellip;<\/p>\n<p class=\"read-more\"> <a class=\"\" href=\"https:\/\/www.cnbb.org.br\/do-coracao-atribulado-esta-perto-o-senhor\/\"> <span class=\"screen-reader-text\">Do cora\u00e7\u00e3o atribulado est\u00e1 perto o Senhor<\/span> Leia mais &raquo;<\/a><\/p>\n","protected":false},"author":85,"featured_media":0,"comment_status":"closed","ping_status":"open","sticky":false,"template":"","format":"standard","meta":{"site-sidebar-layout":"default","site-content-layout":"default","ast-global-header-display":"","ast-banner-title-visibility":"","ast-main-header-display":"","ast-hfb-above-header-display":"","ast-hfb-below-header-display":"","ast-hfb-mobile-header-display":"","site-post-title":"","ast-breadcrumbs-content":"","ast-featured-img":"","footer-sml-layout":"","theme-transparent-header-meta":"","adv-header-id-meta":"","stick-header-meta":"","header-above-stick-meta":"","header-main-stick-meta":"","header-below-stick-meta":""},"categories":[758],"tags":[],"acf":[],"_links":{"self":[{"href":"https:\/\/www.cnbb.org.br\/cnbb-app\/wp\/v2\/posts\/236162"}],"collection":[{"href":"https:\/\/www.cnbb.org.br\/cnbb-app\/wp\/v2\/posts"}],"about":[{"href":"https:\/\/www.cnbb.org.br\/cnbb-app\/wp\/v2\/types\/post"}],"author":[{"embeddable":true,"href":"https:\/\/www.cnbb.org.br\/cnbb-app\/wp\/v2\/users\/85"}],"replies":[{"embeddable":true,"href":"https:\/\/www.cnbb.org.br\/cnbb-app\/wp\/v2\/comments?post=236162"}],"version-history":[{"count":0,"href":"https:\/\/www.cnbb.org.br\/cnbb-app\/wp\/v2\/posts\/236162\/revisions"}],"wp:attachment":[{"href":"https:\/\/www.cnbb.org.br\/cnbb-app\/wp\/v2\/media?parent=236162"}],"wp:term":[{"taxonomy":"category","embeddable":true,"href":"https:\/\/www.cnbb.org.br\/cnbb-app\/wp\/v2\/categories?post=236162"},{"taxonomy":"post_tag","embeddable":true,"href":"https:\/\/www.cnbb.org.br\/cnbb-app\/wp\/v2\/tags?post=236162"}],"curies":[{"name":"wp","href":"https:\/\/api.w.org\/{rel}","templated":true}]}}