{"id":236164,"date":"2020-03-30T15:27:57","date_gmt":"2020-03-30T18:27:57","guid":{"rendered":"https:\/\/www.cnbb.org.br\/?p=236164"},"modified":"2020-09-08T14:10:21","modified_gmt":"2020-09-08T17:10:21","slug":"reflexoes-sobre-carreatas-eucaristicas","status":"publish","type":"post","link":"https:\/\/www.cnbb.org.br\/reflexoes-sobre-carreatas-eucaristicas\/","title":{"rendered":"Reflex\u00f5es sobre carreatas eucar\u00edsticas"},"content":{"rendered":"<p style=\"text-align: right\"><strong>Dom Roberto Francisco<br \/>\n<\/strong><strong>Bispo de Campos<\/strong><\/p>\n<p style=\"text-align: justify\">\n<p style=\"text-align: justify\">Neste tempo de jejum Eucar\u00edstico e aus\u00eancia de comunh\u00e3o para o povo, v\u00e1rios sacerdotes com inten\u00e7\u00e3o pastoral de dar uma resposta aos anseios do povo, organizaram carreatas Eucar\u00edsticas, isto \u00e9 levaram num carro o camionete o Sant\u00edssimo Sacramento exposto, cantando e rezando.<\/p>\n<p style=\"text-align: justify\">\u00c9 uma forma nova n\u00e3o prevista na Instru\u00e7\u00e3o e na parte codicial que regulamenta as possibilidades can\u00f4nicas de Culto Eucar\u00edstico fora da missa: B\u00ean\u00e7\u00e3o do Sant\u00edssimo que tem um ritual definido. Congressos Eucar\u00edsticos e prociss\u00f5es eucar\u00edsticas. Esta modalidade atual parece n\u00e3o ser b\u00ean\u00e7\u00e3o, pois ela tem um itiner\u00e1rio lit\u00fargico previsto, n\u00e3o \u00e9 prociss\u00e3o, pois ela precisa de povo e testemunho p\u00fablico e muito menos um Congresso.<\/p>\n<p style=\"text-align: justify\">Que dizer ent\u00e3o: O prop\u00f3sito \u00e9 louv\u00e1vel, mas para ser leg\u00edtimo o direito eclesial pede a consulta ao Ordin\u00e1rio local o Bispo para um discernimento. Segundo o nome n\u00e3o \u00e9 conveniente, pois a B\u00ean\u00e7\u00e3o como vimos e o Papa a ministrou \u2018Urbi et orbi\u2019 tem um ritual aprovado, pelo que seria mais apropriado cham\u00e1-la de carreata eucar\u00edstica ou carreata com exposi\u00e7\u00e3o do Sant\u00edssimo Sacramento; terceiro tem que se cuidar para n\u00e3o constituir aglomera\u00e7\u00e3o o que seria uma transgress\u00e3o as disposi\u00e7\u00f5es sanit\u00e1rias.<\/p>\n<p style=\"text-align: justify\">Al\u00e9m disso, dizem os documentos mencionados que n\u00e3o se pode separar ou isolar a exposi\u00e7\u00e3o da adora\u00e7\u00e3o e do culto Eucar\u00edstico certamente mais abrangente. Sem estes cuidados podemos cair no emocionalismo ou no cafaurnismo que n\u00e3o considera a sacramentalidade da presen\u00e7a real do Sant\u00edssimo Sacramento.<\/p>\n<p style=\"text-align: justify\">N\u00e3o se trata de tolher a criatividade ou os desejos sinceros de &#8220;ver&#8221; a Jesus, mas este ver \u00e9 acompanhado com a Palavra, pr\u00e1tica e miss\u00e3o na integridade do Mist\u00e9rio Pascal. Era o que t\u00ednhamos a manifestar.<\/p>\n<p>&nbsp;    \t<\/p>\n","protected":false},"excerpt":{"rendered":"<p>Dom Roberto Francisco Bispo de Campos Neste tempo de jejum Eucar\u00edstico e aus\u00eancia de comunh\u00e3o para o povo, v\u00e1rios sacerdotes com inten\u00e7\u00e3o pastoral de dar uma resposta aos anseios do povo, organizaram carreatas Eucar\u00edsticas, isto \u00e9 levaram num carro o camionete o Sant\u00edssimo Sacramento exposto, cantando e rezando. \u00c9 uma forma nova n\u00e3o prevista na &hellip;<\/p>\n<p class=\"read-more\"> <a class=\"\" href=\"https:\/\/www.cnbb.org.br\/reflexoes-sobre-carreatas-eucaristicas\/\"> <span class=\"screen-reader-text\">Reflex\u00f5es sobre carreatas eucar\u00edsticas<\/span> Leia mais &raquo;<\/a><\/p>\n","protected":false},"author":23,"featured_media":0,"comment_status":"closed","ping_status":"open","sticky":false,"template":"","format":"standard","meta":{"site-sidebar-layout":"default","site-content-layout":"default","ast-global-header-display":"","ast-banner-title-visibility":"","ast-main-header-display":"","ast-hfb-above-header-display":"","ast-hfb-below-header-display":"","ast-hfb-mobile-header-display":"","site-post-title":"","ast-breadcrumbs-content":"","ast-featured-img":"","footer-sml-layout":"","theme-transparent-header-meta":"","adv-header-id-meta":"","stick-header-meta":"","header-above-stick-meta":"","header-main-stick-meta":"","header-below-stick-meta":""},"categories":[758],"tags":[],"acf":[],"_links":{"self":[{"href":"https:\/\/www.cnbb.org.br\/cnbb-app\/wp\/v2\/posts\/236164"}],"collection":[{"href":"https:\/\/www.cnbb.org.br\/cnbb-app\/wp\/v2\/posts"}],"about":[{"href":"https:\/\/www.cnbb.org.br\/cnbb-app\/wp\/v2\/types\/post"}],"author":[{"embeddable":true,"href":"https:\/\/www.cnbb.org.br\/cnbb-app\/wp\/v2\/users\/23"}],"replies":[{"embeddable":true,"href":"https:\/\/www.cnbb.org.br\/cnbb-app\/wp\/v2\/comments?post=236164"}],"version-history":[{"count":0,"href":"https:\/\/www.cnbb.org.br\/cnbb-app\/wp\/v2\/posts\/236164\/revisions"}],"wp:attachment":[{"href":"https:\/\/www.cnbb.org.br\/cnbb-app\/wp\/v2\/media?parent=236164"}],"wp:term":[{"taxonomy":"category","embeddable":true,"href":"https:\/\/www.cnbb.org.br\/cnbb-app\/wp\/v2\/categories?post=236164"},{"taxonomy":"post_tag","embeddable":true,"href":"https:\/\/www.cnbb.org.br\/cnbb-app\/wp\/v2\/tags?post=236164"}],"curies":[{"name":"wp","href":"https:\/\/api.w.org\/{rel}","templated":true}]}}