{"id":23629,"date":"2012-07-10T00:00:00","date_gmt":"2012-07-10T03:00:00","guid":{"rendered":"https:\/\/www.cnbb.org.br\/teresina-sedia-22o-assembleia-pastoral-do-regional-nordeste-4\/"},"modified":"2012-07-10T00:00:00","modified_gmt":"2012-07-10T03:00:00","slug":"teresina-sedia-22o-assembleia-pastoral-do-regional-nordeste-4","status":"publish","type":"post","link":"https:\/\/www.cnbb.org.br\/teresina-sedia-22o-assembleia-pastoral-do-regional-nordeste-4\/","title":{"rendered":"Teresina sedia 22\u00aa Assembleia Pastoral do Regional Nordeste 4"},"content":{"rendered":"<p style=\"text-align: justify\">Aconteceu, entre os dias 5 e 7 de julho, a 22\u00aa Assembleia Pastoral do Regional Nordeste 4 (Piau\u00ed), realizada no Semin\u00e1rio de Teologia Sagrado Cora\u00e7\u00e3o de Jesus. O assessor da Comiss\u00e3o Episcopal para Doutrina da F\u00e9, padre Ant\u00f4nio Luiz Catalan esteve presente durante todo o evento e aprofundou sobre a tem\u00e1tica \u201cDiretrizes gerais da a\u00e7\u00e3o evangelizadora \u00e0 Luz do Conc\u00edlio Ecum\u00eanico Vaticano II\u201d.<\/p>\n<p>  <!--more-->  <\/p>\n<p style=\"text-align: justify\">O encontro reuniu bispos, padres, religiosos, di\u00e1conos, seminaristas, o Secretariado do CONSER, membros da Comiss\u00e3o Regional de Presb\u00edteros, coordenadores de pastoral de cada diocese, representantes da Confer\u00eancia dos Religiosos do Brasil &#8211; CRB, representantes do Conselho Nacional do Laicato do Brasil &#8211; CNLB, representantes do setor juventude e da catequese, para discutir como fortalecer as pastorais, movimentos, servi\u00e7os e organismos da Igreja Cat\u00f3lica, visando uma a\u00e7\u00e3o evangelizadora mais eficaz.<\/p>\n<p style=\"text-align: justify\">Na abertura da assembleia, quinta-feira, 05, o bispo dom Ram\u00f3n Lopes Carrozas, da diocese de Bom Jesus, presidiu a Celebra\u00e7\u00e3o Lit\u00fargica. Logo ap\u00f3s, o presidente da CNBB-Regional Nordeste 4 e bispo de Parna\u00edba, dom Alfredo Schaffler, deu boas vindas aos participantes e acolheu o novos Bispos do Piau\u00ed, dom Jo\u00e3o Santos Cardoso, da Diocese de S\u00e3o Raimundo Nonato, e dom Jacinto Brito Furtado, arcebispo de Teresina.<\/p>\n<p style=\"text-align: justify\"><img decoding=\"async\" loading=\"lazy\" class=\" alignleft size-full wp-image-15377\" style=\"float: left\" alt=\"XXII_Assembleia3\" src=\"https:\/\/www.cnbb.org.br\/wp-content\/uploads\/2020\/03\/XXII_Assembleia3.jpg\" height=\"240\" width=\"240\" \/>Na ocasi\u00e3o dom Alfredo fez uma reflex\u00e3o sobre as alegrias e esperan\u00e7as, as tristezas e as angustias dos homens de hoje. E disse que \u00e9 dever da Igreja investigar a todo o momento os sinais dos tempos a interpret\u00e1-los \u00e0 Luz do Evangelho. \u201cVamos conversar com as pessoas das outras dioceses para discutir cada experi\u00eancia e sua a\u00e7\u00e3o mission\u00e1ria. Vamos conhecer mais como est\u00e1 em Oeiras, Parna\u00edba, Teresina, Campo Maior para se aumentar horizontes, apertar la\u00e7os entre as dioceses\u201d, enfatizou dom Alfredo.<\/p>\n<p style=\"text-align: justify\">Ainda na abertura da Assembleia, o bispo Em\u00e9rito de Teresina, dom Celso Jos\u00e9 Pinto da Silva, fez uma apresenta\u00e7\u00e3o sobre o sentido do Conc\u00edlio Vaticano II a partir de suas mem\u00f3rias. Ele disse que o Conc\u00edlio Vaticano II foi uma assembleia convocada pelo papa para tratar de assuntos referentes \u00e0 f\u00e9 e a quest\u00f5es gerais da vida eclesial. Disse ainda que o Conc\u00edlio surgiu com a inten\u00e7\u00e3o de renovar a Igreja Cat\u00f3lica, mas desde o in\u00edcio de seu an\u00fancio pelo papa Jo\u00e3o XXIII gerou resist\u00eancia e desconfian\u00e7a. \u201cApesar dos 50 anos do Conc\u00edlio Vaticano II n\u00f3s temos que nos voltar para ele no sentido mais profundo, n\u00f3s percebemos o espirito de renova\u00e7\u00e3o, abrimos o caminho. Temos que olhar o Conc\u00edlio como uma fonte de inspira\u00e7\u00e3o para nossa caminhada\u201d, disse dom Celso.<\/p>\n<p style=\"text-align: justify\"><img decoding=\"async\" loading=\"lazy\" class=\" alignright size-full wp-image-15378\" style=\"float: right\" alt=\"XXII_Assembleia2\" src=\"https:\/\/www.cnbb.org.br\/wp-content\/uploads\/2020\/03\/XXII_Assembleia2.jpg\" height=\"160\" width=\"320\" \/>Na sexta-feira, 06, o segundo dia da assembleia come\u00e7ou com duas exposi\u00e7\u00f5es. Uma sobre a conjuntura religiosa do Brasil e outra sobre o Conc\u00edlio Vaticano II &#8211; o porqu\u00ea das urg\u00eancias na evangeliza\u00e7\u00e3o. As palestras foram ministradas pelo Assessor da Comiss\u00e3o Episcopal para a Doutrina da F\u00e9, padre Ant\u00f4nio Luiz Catalan e pela professora doutora Lurdinha Nunes.<\/p>\n<p style=\"text-align: justify\">Durante as palestras, os ministrantes falaram sobre pesquisa do Censo Demogr\u00e1fico 2010 do Instituto Brasileiro de Geografia e Estat\u00edstica (IBGE), divulgado no dia 29 de junho, que indica que, o n\u00famero de cat\u00f3licos sofreu uma redu\u00e7\u00e3o na \u00faltima d\u00e9cada, passando de 73,6%, em 2000, para 64,6%, em 2010, mas que essa diminui\u00e7\u00e3o vem desacelerando a cada ano. E que o Piau\u00ed concentra a maior quantidade de cat\u00f3licos no pa\u00eds com 85,1% de cat\u00f3licos.<\/p>\n<p style=\"text-align: justify\">De acordo com padre Antonio Luiz Catalan, as pesquisas podem ser interpretadas a partir do processo de desenvolvimento socioecon\u00f4mico, e disse que, mesmo havendo uma diminui\u00e7\u00e3o no n\u00famero de cat\u00f3licos do pa\u00eds este processo est\u00e1 passando por uma desacelera\u00e7\u00e3o.<\/p>\n<p style=\"text-align: justify\">Dom Alfredo Schaffler ao se referir \u00e0 pesquisa disse: \u201cIgreja somos e Igreja queremos ser. N\u00f3s atra\u00edmos as pessoas a partir de nossas viv\u00eancias, nossa fraternidade e, as cinco urg\u00eancias das Diretrizes Gerais da A\u00e7\u00e3o Evangelizadora nos direcionam para entendermos Igreja como acolhedora, lava p\u00e9s e \u00e9 isso que o Conc\u00edlio Vaticano II nos prop\u00f5e\u201d.<\/p>\n<p style=\"text-align: justify\">Durante a assembleia foram apresentados dados estat\u00edsticos sobre o crescimento do n\u00famero de presb\u00edteros no Brasil. De acordo com o assessor, a distribui\u00e7\u00e3o do clero aumentou no mundo nos \u00faltimos anos. Em dez anos, de 2000 a 2010, esse n\u00famero passou de 405 mil para 413 mil. No Brasil a distribui\u00e7\u00e3o do clero durante esses 10 anos passou de 16.772 para 22.119. Com rela\u00e7\u00e3o ao Piau\u00ed, atualmente, o clero do Regional Nordeste 4 totaliza-se em 370, sendo distribu\u00eddos entre Arcebispo, bispos e bispos Em\u00e9ritos; sacerdotes diocesanos e religiosos, di\u00e1conos permanentes e transit\u00f3rios.<\/p>\n<p style=\"text-align: justify\">No s\u00e1bado, 07, \u00faltimo dia da 22\u00aa Assembleia de Pastoral Regional, todos participaram da Santa Missa de encerramento, que foi presidida por dom Jacinto Brito &#8211; arcebispo de Teresina.<\/p>\n<p style=\"text-align: justify\">Durante a homilia dom Jacinto refletiu sobre a import\u00e2ncia do Conc\u00edlio Vaticano II para a caminhada da Igreja e as aberturas que ainda s\u00e3o necess\u00e1rias. Tamb\u00e9m destacou a celebra\u00e7\u00e3o dos cinquenta anos do Conc\u00edlio, onde a Igreja coloca-se a avaliar o caminho j\u00e1 percorrido e seus frutos, ressaltando que as decis\u00f5es continuam indicando uma maneira segura para os rumos da Igreja.<\/p>\n<p style=\"text-align: justify\">Logo ap\u00f3s a Missa de Encerramento, os Bispos do Piau\u00ed, padres, religiosos e leigos aprovaram o documento final da XXII Assembleia de Pastoral Regional.<\/p>\n<p style=\"text-align: justify\"><img decoding=\"async\" loading=\"lazy\" class=\" alignleft size-full wp-image-15379\" style=\"float: left\" alt=\"XXII_Assembleia\" src=\"https:\/\/www.cnbb.org.br\/wp-content\/uploads\/2020\/03\/XXII_Assembleia.jpg\" height=\"191\" width=\"304\" \/>Para o Vice-presidente do Regional Nordeste 4 e Bispo de Oeiras, Dom Juarez Sousa, a Assembleia aconteceu em um momento muito aben\u00e7oado e\u00a0 muito oportuno, \u201cveio tratar sobre as diretrizes da a\u00e7\u00e3o pastoral da Igreja no Brasil, neste contexto em que nos centramos dentro das cinco urg\u00eancias e essas urg\u00eancias contemplam aquilo que \u00e9 mais importante em todos os tempos da Igreja, sobretudo a quest\u00e3o mission\u00e1ria, depois a catequese como inicia\u00e7\u00e3o \u00e0 vida crist\u00e3, a palavra de Deus na miss\u00e3o da Igreja e depois o servi\u00e7o social, a caridade, como servi\u00e7o da vida plena para todos\u201d.<\/p>\n<p style=\"text-align: justify\">Ao t\u00e9rmino, dom Jo\u00e3o Santos Cardoso, bispo de S\u00e3o Raimundo Nonato, apresentou resumo dos principais pontos discutidos durante a 50\u00aa Assembleia Geral dos Bispos do Brasil, realizada no m\u00eas de abril na cidade de Aparecida (SP).<\/p>\n","protected":false},"excerpt":{"rendered":"<p>Aconteceu, entre os dias 5 e 7 de julho, a 22\u00aa Assembleia Pastoral do Regional Nordeste 4 (Piau\u00ed), realizada no Semin\u00e1rio de Teologia Sagrado Cora\u00e7\u00e3o de Jesus. O assessor da Comiss\u00e3o Episcopal para Doutrina da F\u00e9, padre Ant\u00f4nio Luiz Catalan esteve presente durante todo o evento e aprofundou sobre a tem\u00e1tica \u201cDiretrizes gerais da a\u00e7\u00e3o &hellip;<\/p>\n<p class=\"read-more\"> <a class=\"\" href=\"https:\/\/www.cnbb.org.br\/teresina-sedia-22o-assembleia-pastoral-do-regional-nordeste-4\/\"> <span class=\"screen-reader-text\">Teresina sedia 22\u00aa Assembleia Pastoral do Regional Nordeste 4<\/span> Leia mais &raquo;<\/a><\/p>\n","protected":false},"author":83,"featured_media":23630,"comment_status":"open","ping_status":"open","sticky":false,"template":"","format":"standard","meta":{"site-sidebar-layout":"default","site-content-layout":"default","ast-global-header-display":"","ast-banner-title-visibility":"","ast-main-header-display":"","ast-hfb-above-header-display":"","ast-hfb-below-header-display":"","ast-hfb-mobile-header-display":"","site-post-title":"","ast-breadcrumbs-content":"","ast-featured-img":"","footer-sml-layout":"","theme-transparent-header-meta":"","adv-header-id-meta":"","stick-header-meta":"","header-above-stick-meta":"","header-main-stick-meta":"","header-below-stick-meta":""},"categories":[817,769],"tags":[],"acf":[],"_links":{"self":[{"href":"https:\/\/www.cnbb.org.br\/cnbb-app\/wp\/v2\/posts\/23629"}],"collection":[{"href":"https:\/\/www.cnbb.org.br\/cnbb-app\/wp\/v2\/posts"}],"about":[{"href":"https:\/\/www.cnbb.org.br\/cnbb-app\/wp\/v2\/types\/post"}],"author":[{"embeddable":true,"href":"https:\/\/www.cnbb.org.br\/cnbb-app\/wp\/v2\/users\/83"}],"replies":[{"embeddable":true,"href":"https:\/\/www.cnbb.org.br\/cnbb-app\/wp\/v2\/comments?post=23629"}],"version-history":[{"count":0,"href":"https:\/\/www.cnbb.org.br\/cnbb-app\/wp\/v2\/posts\/23629\/revisions"}],"wp:featuredmedia":[{"embeddable":true,"href":"https:\/\/www.cnbb.org.br\/cnbb-app\/wp\/v2\/media\/23630"}],"wp:attachment":[{"href":"https:\/\/www.cnbb.org.br\/cnbb-app\/wp\/v2\/media?parent=23629"}],"wp:term":[{"taxonomy":"category","embeddable":true,"href":"https:\/\/www.cnbb.org.br\/cnbb-app\/wp\/v2\/categories?post=23629"},{"taxonomy":"post_tag","embeddable":true,"href":"https:\/\/www.cnbb.org.br\/cnbb-app\/wp\/v2\/tags?post=23629"}],"curies":[{"name":"wp","href":"https:\/\/api.w.org\/{rel}","templated":true}]}}