{"id":236368,"date":"2020-04-02T10:02:22","date_gmt":"2020-04-02T13:02:22","guid":{"rendered":"https:\/\/www.cnbb.org.br\/?p=236368"},"modified":"2020-09-08T14:10:13","modified_gmt":"2020-09-08T17:10:13","slug":"uma-semana-santa-vivenciada-nas-casas-nos-hospitais-e-na-defesa-da-vida","status":"publish","type":"post","link":"https:\/\/www.cnbb.org.br\/uma-semana-santa-vivenciada-nas-casas-nos-hospitais-e-na-defesa-da-vida\/","title":{"rendered":"Uma Semana Santa vivenciada nas casas, nos hospitais, e na defesa da vida"},"content":{"rendered":"<p style=\"text-align: right\"><strong>Dom Roberto Francisco Ferreria Paz<\/strong><br \/>\n<strong>Bispo de Campos (RJ)<\/strong><\/p>\n<p>&nbsp;<\/p>\n<p style=\"text-align: justify\">Certamente, este ano, as solenidades lit\u00fargicas n\u00e3o ter\u00e3o o brilho e a piedade popular que animavam o cora\u00e7\u00e3o do Ano Lit\u00fargico. Mas, a mudan\u00e7a de cen\u00e1rio ou das limita\u00e7\u00f5es a movimentos ou aglomera\u00e7\u00f5es, n\u00e3o prejudicar\u00e1 a viv\u00eancia do grandioso mist\u00e9rio Pascal, que envolve toda pessoa, criatura e o cosmos inteiro.<\/p>\n<p style=\"text-align: justify\">Voltaremos \u00e0s tradi\u00e7\u00f5es familiares, \u00e0 liturgia da mem\u00f3ria do \u00eaxodo que guardava mem\u00f3ria viva e atual da liberta\u00e7\u00e3o do Egito. Hoje, os crist\u00e3os, em seus lares, ou participando do her\u00f3ico mutir\u00e3o sanit\u00e1rio-m\u00e9dico-solid\u00e1rio, estar\u00e3o testemunhando, com gestos e a\u00e7\u00f5es, a passagem da morte para a vida, das trevas para a luz, do \u00f3dio para o amor sem limites de um Deus que assume nossa carne, nossas dores e doen\u00e7as, e nos soergue com Ele para uma Nova cria\u00e7\u00e3o.<\/p>\n<p style=\"text-align: justify\">Sim, porque a luta pelo Reino de miseric\u00f3rdia, de perd\u00e3o, justi\u00e7a e de gra\u00e7a, e por isso mesmo da reden\u00e7\u00e3o humana, passa pela liberta\u00e7\u00e3o dos la\u00e7os da cultura da morte, da exclus\u00e3o e do descarte das pessoas que n\u00e3o importam ao sistema e que devem ser sacrificadas pelo lucro e o dinheiro.<\/p>\n<p style=\"text-align: justify\">O drama da paix\u00e3o e da Cruz se renovar\u00e1 nos leitos hospitalares, ou nos que n\u00e3o conseguem chegar l\u00e1, na entrega e doa\u00e7\u00e3o de m\u00e9dicos, enfermeiros, volunt\u00e1rios trabalhadores da seguran\u00e7a e da alimenta\u00e7\u00e3o que sustentam o isolamento sanit\u00e1rio em cuidado da vida. Tudo isto, como a semente do gr\u00e3o de trigo unido a Cristo Redentor, ressuscitar\u00e1, vencer\u00e1.<\/p>\n<p style=\"text-align: justify\">A esperan\u00e7a do Domingo da P\u00e1scoa raiar\u00e1 nos rostos, nos cora\u00e7\u00f5es, nos lares, e nas Igrejas que, com a certeza da f\u00e9 renovada, cantar\u00e3o novamente o Aleluia, o grito da vida e do amor que vence a morte e a tirania do poder, a alegria transbordante dos filhos da luz, que deixam para tr\u00e1s as sombras e os grilh\u00f5es de gan\u00e2ncia, corrup\u00e7\u00e3o, indiferen\u00e7a e viol\u00eancia contra a vida e a Casa Comum. Por uma Semana Santa que seja um verdadeiro encontro com Cristo, o Filho de Deus que veio para resgatar a humanidade e a toda Cria\u00e7\u00e3o, do ego\u00edsmo, da opress\u00e3o, e de tudo que destr\u00f3i e desfigura a nossa voca\u00e7\u00e3o a uma vida plena e abundante. Deus seja louvado!<\/p>\n<p>&nbsp;    \t<\/p>\n","protected":false},"excerpt":{"rendered":"<p>Dom Roberto Francisco Ferreria Paz Bispo de Campos (RJ) &nbsp; Certamente, este ano, as solenidades lit\u00fargicas n\u00e3o ter\u00e3o o brilho e a piedade popular que animavam o cora\u00e7\u00e3o do Ano Lit\u00fargico. Mas, a mudan\u00e7a de cen\u00e1rio ou das limita\u00e7\u00f5es a movimentos ou aglomera\u00e7\u00f5es, n\u00e3o prejudicar\u00e1 a viv\u00eancia do grandioso mist\u00e9rio Pascal, que envolve toda pessoa, &hellip;<\/p>\n<p class=\"read-more\"> <a class=\"\" href=\"https:\/\/www.cnbb.org.br\/uma-semana-santa-vivenciada-nas-casas-nos-hospitais-e-na-defesa-da-vida\/\"> <span class=\"screen-reader-text\">Uma Semana Santa vivenciada nas casas, nos hospitais, e na defesa da vida<\/span> Leia mais &raquo;<\/a><\/p>\n","protected":false},"author":23,"featured_media":0,"comment_status":"closed","ping_status":"open","sticky":false,"template":"","format":"standard","meta":{"site-sidebar-layout":"default","site-content-layout":"default","ast-global-header-display":"","ast-banner-title-visibility":"","ast-main-header-display":"","ast-hfb-above-header-display":"","ast-hfb-below-header-display":"","ast-hfb-mobile-header-display":"","site-post-title":"","ast-breadcrumbs-content":"","ast-featured-img":"","footer-sml-layout":"","theme-transparent-header-meta":"","adv-header-id-meta":"","stick-header-meta":"","header-above-stick-meta":"","header-main-stick-meta":"","header-below-stick-meta":""},"categories":[758],"tags":[],"acf":[],"_links":{"self":[{"href":"https:\/\/www.cnbb.org.br\/cnbb-app\/wp\/v2\/posts\/236368"}],"collection":[{"href":"https:\/\/www.cnbb.org.br\/cnbb-app\/wp\/v2\/posts"}],"about":[{"href":"https:\/\/www.cnbb.org.br\/cnbb-app\/wp\/v2\/types\/post"}],"author":[{"embeddable":true,"href":"https:\/\/www.cnbb.org.br\/cnbb-app\/wp\/v2\/users\/23"}],"replies":[{"embeddable":true,"href":"https:\/\/www.cnbb.org.br\/cnbb-app\/wp\/v2\/comments?post=236368"}],"version-history":[{"count":0,"href":"https:\/\/www.cnbb.org.br\/cnbb-app\/wp\/v2\/posts\/236368\/revisions"}],"wp:attachment":[{"href":"https:\/\/www.cnbb.org.br\/cnbb-app\/wp\/v2\/media?parent=236368"}],"wp:term":[{"taxonomy":"category","embeddable":true,"href":"https:\/\/www.cnbb.org.br\/cnbb-app\/wp\/v2\/categories?post=236368"},{"taxonomy":"post_tag","embeddable":true,"href":"https:\/\/www.cnbb.org.br\/cnbb-app\/wp\/v2\/tags?post=236368"}],"curies":[{"name":"wp","href":"https:\/\/api.w.org\/{rel}","templated":true}]}}