{"id":23652,"date":"2013-06-26T00:00:00","date_gmt":"2013-06-26T03:00:00","guid":{"rendered":"https:\/\/www.cnbb.org.br\/regional-nordeste-iv-vai-realizar-assembleia-pastoral-em-teresina\/"},"modified":"2013-06-26T00:00:00","modified_gmt":"2013-06-26T03:00:00","slug":"regional-nordeste-iv-vai-realizar-assembleia-pastoral-em-teresina","status":"publish","type":"post","link":"https:\/\/www.cnbb.org.br\/regional-nordeste-iv-vai-realizar-assembleia-pastoral-em-teresina\/","title":{"rendered":"Regional Nordeste IV vai realizar Assembleia Pastoral em Teresina"},"content":{"rendered":"<p style=\"text-align: justify\">O Regional Nordeste IV da CNBB em conformidade com o Regulamento do Conselho Episcopal Regional (CONSER), vai realizar entre os dias 4 e 6 de julho, a XXIII Assembleia Pastoral do Piau\u00ed. Neste ano, o evento ir\u00e1 acontecer no Centro de Treinamento Socopinho, em Teresina.<\/p>\n<p>  <!--more-->  <\/p>\n<p style=\"text-align: justify\">A abertura oficial ser\u00e1 realizada pelo bispo presidente do Regional dom Alfredo Schaffler e pelo Secret\u00e1rio Executivo, Pe. Luiz Eduardo Bastos. Conforme determina o artigo 24 do Regulamento do CONSER, os participantes da Assembleia ser\u00e3o: o secretario do CONSER; membros da Comiss\u00e3o Regional dos Presb\u00edteros; coordenadores de pastoral ou membro de cada diocese; um representante da CRB e CNLB; membros das Comiss\u00f5es permanentes criadas pelo CONSER. Tamb\u00e9m s\u00e3o convidados um representante da Catequese e outra da Pastoral da Comunica\u00e7\u00e3o.<\/p>\n<p style=\"text-align: justify\">O objetivo da Assembleia ser\u00e1 \u201csuscitar a necessidade de integrar a mensagem do Evangelho na nova cultura provocada pelas novas tecnologias na Igreja do Piau\u00ed\u201d. A assessoria do tema central do evento ser\u00e1 da irm\u00e3 \u00c9lide Fogolari, assessora da Comiss\u00e3o Episcopal para a Comunica\u00e7\u00e3o, que ir\u00e1 tratar do tema \u201cEvangelizar na cultura da comunica\u00e7\u00e3o na \u00f3tica do Diret\u00f3rio de Comunica\u00e7\u00e3o da Igreja no Brasil\u201d. Para colaborar com o tema priorit\u00e1rio, \u201cPar\u00f3quia, comunidade de comunidades \u2013 aplica\u00e7\u00f5es pr\u00e1ticas\u201d, estar\u00e1 presente o bispo de S\u00e3o Raimundo Nonato, dom Jo\u00e3o Cardoso.<\/p>\n","protected":false},"excerpt":{"rendered":"<p>O Regional Nordeste IV da CNBB em conformidade com o Regulamento do Conselho Episcopal Regional (CONSER), vai realizar entre os dias 4 e 6 de julho, a XXIII Assembleia Pastoral do Piau\u00ed. Neste ano, o evento ir\u00e1 acontecer no Centro de Treinamento Socopinho, em Teresina.<\/p>\n","protected":false},"author":83,"featured_media":23653,"comment_status":"open","ping_status":"open","sticky":false,"template":"","format":"standard","meta":{"site-sidebar-layout":"default","site-content-layout":"default","ast-global-header-display":"","ast-banner-title-visibility":"","ast-main-header-display":"","ast-hfb-above-header-display":"","ast-hfb-below-header-display":"","ast-hfb-mobile-header-display":"","site-post-title":"","ast-breadcrumbs-content":"","ast-featured-img":"","footer-sml-layout":"","theme-transparent-header-meta":"","adv-header-id-meta":"","stick-header-meta":"","header-above-stick-meta":"","header-main-stick-meta":"","header-below-stick-meta":""},"categories":[817,769],"tags":[],"acf":[],"_links":{"self":[{"href":"https:\/\/www.cnbb.org.br\/cnbb-app\/wp\/v2\/posts\/23652"}],"collection":[{"href":"https:\/\/www.cnbb.org.br\/cnbb-app\/wp\/v2\/posts"}],"about":[{"href":"https:\/\/www.cnbb.org.br\/cnbb-app\/wp\/v2\/types\/post"}],"author":[{"embeddable":true,"href":"https:\/\/www.cnbb.org.br\/cnbb-app\/wp\/v2\/users\/83"}],"replies":[{"embeddable":true,"href":"https:\/\/www.cnbb.org.br\/cnbb-app\/wp\/v2\/comments?post=23652"}],"version-history":[{"count":0,"href":"https:\/\/www.cnbb.org.br\/cnbb-app\/wp\/v2\/posts\/23652\/revisions"}],"wp:featuredmedia":[{"embeddable":true,"href":"https:\/\/www.cnbb.org.br\/cnbb-app\/wp\/v2\/media\/23653"}],"wp:attachment":[{"href":"https:\/\/www.cnbb.org.br\/cnbb-app\/wp\/v2\/media?parent=23652"}],"wp:term":[{"taxonomy":"category","embeddable":true,"href":"https:\/\/www.cnbb.org.br\/cnbb-app\/wp\/v2\/categories?post=23652"},{"taxonomy":"post_tag","embeddable":true,"href":"https:\/\/www.cnbb.org.br\/cnbb-app\/wp\/v2\/tags?post=23652"}],"curies":[{"name":"wp","href":"https:\/\/api.w.org\/{rel}","templated":true}]}}