{"id":236575,"date":"2020-04-06T11:21:52","date_gmt":"2020-04-06T14:21:52","guid":{"rendered":"https:\/\/www.cnbb.org.br\/?p=236575"},"modified":"2020-09-08T14:10:02","modified_gmt":"2020-09-08T17:10:02","slug":"inclusao-digital-na-evangelizacao","status":"publish","type":"post","link":"https:\/\/www.cnbb.org.br\/inclusao-digital-na-evangelizacao\/","title":{"rendered":"Inclus\u00e3o Digital na Evangeliza\u00e7\u00e3o"},"content":{"rendered":"<p style=\"text-align: right\"><strong>Dom Paulo Mendes Peixoto<\/strong><br \/>\n<strong>Arcebispo de Uberaba<\/strong><\/p>\n<p style=\"text-align: justify\">\n<p style=\"text-align: justify\">A inclus\u00e3o digital \u00e9 processo de democratiza\u00e7\u00e3o do acesso das pessoas nas tecnologias da informa\u00e7\u00e3o. Ela permite que os internautas consigam se incluir no mundo da globaliza\u00e7\u00e3o, com possibilidade de chegar e obter, com rapidez e facilidade, grandes conhecimentos. Portanto, \u00e9 um importante caminho de comunica\u00e7\u00e3o que, bem usado, pode contribuir muito para o bem da sociedade.<\/p>\n<p style=\"text-align: justify\">A miss\u00e3o da Igreja \u00e9 evangelizar, comunicar a Palavra de Deus no espa\u00e7o e no tempo. Como caminho de an\u00fancio, ela precisa usar todos os meios que possibilitem que essa Palavra chegue aos destinat\u00e1rios. Significa que podemos falar de uma evangeliza\u00e7\u00e3o digital, tendo na virtualidade da internet uma ferramenta importante para que essa miss\u00e3o seja cumprida com maior propriedade.<\/p>\n<p style=\"text-align: justify\">Existem tamb\u00e9m grandes riscos, que podem prejudicar a integridade da proclama\u00e7\u00e3o da Palavra de Deus. H\u00e1 uma avalanche de not\u00edcias falsas, sem fundamento e de origens suspeitas. No campo virtual, o an\u00fancio do Evangelho tamb\u00e9m pode sofrer deteriora\u00e7\u00e3o. Mas tudo depende da integridade de quem faz acontece o processo do an\u00fancio, mirando Jesus Cristo na sua verdadeira identidade.<\/p>\n<p style=\"text-align: justify\">A Igreja ainda est\u00e1 engatinhando em rela\u00e7\u00e3o ao uso da inclus\u00e3o digital na evangeliza\u00e7\u00e3o. Falta profissional bem preparado e consciente do valor desse possante instrumento de comunica\u00e7\u00e3o. O investimento na capacita\u00e7\u00e3o em intelig\u00eancia de dados, para criar variadas ferramentas, continua deficit\u00e1rio. N\u00e3o existe at\u00e9 ent\u00e3o uma consci\u00eancia clara da Igreja sobre as vantagens dessa inclus\u00e3o.<\/p>\n<p style=\"text-align: justify\">Mesmo assim, h\u00e1 aqui e acol\u00e1, esfor\u00e7os para dinamizar a emiss\u00e3o dos princ\u00edpios crist\u00e3os atrav\u00e9s dos e-mails, blogs, twitter, facebook, instagram etc., dando possibilidade aos internautas a interatividade, com atualiza\u00e7\u00f5es imediatas, e troca de experi\u00eancias. \u00c9 o mundo da rapidez, que exige muito profissionalismo para n\u00e3o perder as oportunidades pontuais num an\u00fancio com efici\u00eancia.<\/p>\n<p style=\"text-align: justify\">O Papa S\u00e3o Jo\u00e3o Paulo II j\u00e1 falava que \u201co desenvolvimento na internet nos \u00faltimos anos oferece uma oportunidade sem precedentes para ampliar as obras mission\u00e1rias da Igreja, j\u00e1 que se tornou a principal fonte de informa\u00e7\u00e3o e de comunica\u00e7\u00e3o\u201d. Realmente \u00e9 uma das ferramentas que tem sido usada pelas Igrejas particulares, contribuindo muito para a evangeliza\u00e7\u00e3o dos diversos ambientes.<\/p>\n<p style=\"text-align: justify\">\n<p>&nbsp;    \t<\/p>\n","protected":false},"excerpt":{"rendered":"<p>Dom Paulo Mendes Peixoto Arcebispo de Uberaba A inclus\u00e3o digital \u00e9 processo de democratiza\u00e7\u00e3o do acesso das pessoas nas tecnologias da informa\u00e7\u00e3o. Ela permite que os internautas consigam se incluir no mundo da globaliza\u00e7\u00e3o, com possibilidade de chegar e obter, com rapidez e facilidade, grandes conhecimentos. Portanto, \u00e9 um importante caminho de comunica\u00e7\u00e3o que, bem &hellip;<\/p>\n<p class=\"read-more\"> <a class=\"\" href=\"https:\/\/www.cnbb.org.br\/inclusao-digital-na-evangelizacao\/\"> <span class=\"screen-reader-text\">Inclus\u00e3o Digital na Evangeliza\u00e7\u00e3o<\/span> Leia mais &raquo;<\/a><\/p>\n","protected":false},"author":25,"featured_media":0,"comment_status":"closed","ping_status":"open","sticky":false,"template":"","format":"standard","meta":{"site-sidebar-layout":"default","site-content-layout":"default","ast-global-header-display":"","ast-banner-title-visibility":"","ast-main-header-display":"","ast-hfb-above-header-display":"","ast-hfb-below-header-display":"","ast-hfb-mobile-header-display":"","site-post-title":"","ast-breadcrumbs-content":"","ast-featured-img":"","footer-sml-layout":"","theme-transparent-header-meta":"","adv-header-id-meta":"","stick-header-meta":"","header-above-stick-meta":"","header-main-stick-meta":"","header-below-stick-meta":""},"categories":[758],"tags":[],"acf":[],"_links":{"self":[{"href":"https:\/\/www.cnbb.org.br\/cnbb-app\/wp\/v2\/posts\/236575"}],"collection":[{"href":"https:\/\/www.cnbb.org.br\/cnbb-app\/wp\/v2\/posts"}],"about":[{"href":"https:\/\/www.cnbb.org.br\/cnbb-app\/wp\/v2\/types\/post"}],"author":[{"embeddable":true,"href":"https:\/\/www.cnbb.org.br\/cnbb-app\/wp\/v2\/users\/25"}],"replies":[{"embeddable":true,"href":"https:\/\/www.cnbb.org.br\/cnbb-app\/wp\/v2\/comments?post=236575"}],"version-history":[{"count":0,"href":"https:\/\/www.cnbb.org.br\/cnbb-app\/wp\/v2\/posts\/236575\/revisions"}],"wp:attachment":[{"href":"https:\/\/www.cnbb.org.br\/cnbb-app\/wp\/v2\/media?parent=236575"}],"wp:term":[{"taxonomy":"category","embeddable":true,"href":"https:\/\/www.cnbb.org.br\/cnbb-app\/wp\/v2\/categories?post=236575"},{"taxonomy":"post_tag","embeddable":true,"href":"https:\/\/www.cnbb.org.br\/cnbb-app\/wp\/v2\/tags?post=236575"}],"curies":[{"name":"wp","href":"https:\/\/api.w.org\/{rel}","templated":true}]}}