{"id":23664,"date":"2013-10-09T00:00:00","date_gmt":"2013-10-09T03:00:00","guid":{"rendered":"https:\/\/www.cnbb.org.br\/pastoral-vocacional-da-cnbb-realiza-assembleia-regional\/"},"modified":"2013-10-09T00:00:00","modified_gmt":"2013-10-09T03:00:00","slug":"pastoral-vocacional-da-cnbb-realiza-assembleia-regional","status":"publish","type":"post","link":"https:\/\/www.cnbb.org.br\/pastoral-vocacional-da-cnbb-realiza-assembleia-regional\/","title":{"rendered":"Pastoral Vocacional da CNBB realiza assembleia regional"},"content":{"rendered":"<p style=\"text-align: justify\">Para atualizar as equipes vocacionais paroquiais e torn\u00e1-las mais participativas nas suas realidades locais, ocorreu de 4 a 6 de outubro, a Assembleia da Pastoral Vocacional e do Servi\u00e7o de Anima\u00e7\u00e3o Vocacional (PV\/SAV). O evento reuniu, na cidade de Teresina (PI), membros da Pastoral do Regional Nordeste 4 (Piau\u00ed).<\/p>\n<p><!--more--><\/p>\n<p style=\"text-align: justify\">No encontro, foi trabalhado o tema das \u201cEquipes Vocacionais Paroquiais\u201d, em sintonia com Documento 104 \u201cComunidade de comunidades: uma nova Par\u00f3quia\u201d. Orientou o estudo o assessor da Comiss\u00e3o Episcopal Pastoral para os Minist\u00e9rios Ordenados e a Vida Consagrada, padre Valdecir Ferreira, que tamb\u00e9m falou sobre a proposta do Simp\u00f3sio Vocacional do Brasil, que ser\u00e1 realizado no per\u00edodo de 16 a 18 de maio de 2014 em Bras\u00edlia.<\/p>\n<p style=\"text-align: justify\">\u201cNa ocasi\u00e3o teremos a possibilidade de, por regi\u00e3o, dedicar um tempo oportuno para a reflex\u00e3o sobre a diversidade vocacional\u201d, explicou o assessor.<br \/>\nO objetivo do Simp\u00f3sio Vocacional do Brasil ser\u00e1 incrementar a cultura vocacional na a\u00e7\u00e3o evangelizadora da Igreja no Brasil e avan\u00e7ar no discipulado mission\u00e1rio como legado batismal, na comunh\u00e3o e complementaridade de voca\u00e7\u00f5es e minist\u00e9rios na comunidade eclesial.<\/p>\n","protected":false},"excerpt":{"rendered":"<p>Para atualizar as equipes vocacionais paroquiais e torn\u00e1-las mais participativas nas suas realidades locais, ocorreu de 4 a 6 de outubro, a Assembleia da Pastoral Vocacional e do Servi\u00e7o de Anima\u00e7\u00e3o Vocacional (PV\/SAV). O evento reuniu, na cidade de Teresina (PI), membros da Pastoral do Regional Nordeste 4 (Piau\u00ed).<\/p>\n","protected":false},"author":83,"featured_media":23665,"comment_status":"open","ping_status":"open","sticky":false,"template":"","format":"standard","meta":{"site-sidebar-layout":"default","site-content-layout":"default","ast-global-header-display":"","ast-banner-title-visibility":"","ast-main-header-display":"","ast-hfb-above-header-display":"","ast-hfb-below-header-display":"","ast-hfb-mobile-header-display":"","site-post-title":"","ast-breadcrumbs-content":"","ast-featured-img":"","footer-sml-layout":"","theme-transparent-header-meta":"","adv-header-id-meta":"","stick-header-meta":"","header-above-stick-meta":"","header-main-stick-meta":"","header-below-stick-meta":""},"categories":[817,769],"tags":[],"acf":[],"_links":{"self":[{"href":"https:\/\/www.cnbb.org.br\/cnbb-app\/wp\/v2\/posts\/23664"}],"collection":[{"href":"https:\/\/www.cnbb.org.br\/cnbb-app\/wp\/v2\/posts"}],"about":[{"href":"https:\/\/www.cnbb.org.br\/cnbb-app\/wp\/v2\/types\/post"}],"author":[{"embeddable":true,"href":"https:\/\/www.cnbb.org.br\/cnbb-app\/wp\/v2\/users\/83"}],"replies":[{"embeddable":true,"href":"https:\/\/www.cnbb.org.br\/cnbb-app\/wp\/v2\/comments?post=23664"}],"version-history":[{"count":0,"href":"https:\/\/www.cnbb.org.br\/cnbb-app\/wp\/v2\/posts\/23664\/revisions"}],"wp:featuredmedia":[{"embeddable":true,"href":"https:\/\/www.cnbb.org.br\/cnbb-app\/wp\/v2\/media\/23665"}],"wp:attachment":[{"href":"https:\/\/www.cnbb.org.br\/cnbb-app\/wp\/v2\/media?parent=23664"}],"wp:term":[{"taxonomy":"category","embeddable":true,"href":"https:\/\/www.cnbb.org.br\/cnbb-app\/wp\/v2\/categories?post=23664"},{"taxonomy":"post_tag","embeddable":true,"href":"https:\/\/www.cnbb.org.br\/cnbb-app\/wp\/v2\/tags?post=23664"}],"curies":[{"name":"wp","href":"https:\/\/api.w.org\/{rel}","templated":true}]}}