{"id":23704,"date":"2015-04-16T00:00:00","date_gmt":"2015-04-16T03:00:00","guid":{"rendered":"https:\/\/www.cnbb.org.br\/arquidiocese-celebra-90-anos-de-dom-miguel-fenelon\/"},"modified":"2015-04-16T00:00:00","modified_gmt":"2015-04-16T03:00:00","slug":"arquidiocese-celebra-90-anos-de-dom-miguel-fenelon","status":"publish","type":"post","link":"https:\/\/www.cnbb.org.br\/arquidiocese-celebra-90-anos-de-dom-miguel-fenelon\/","title":{"rendered":"Arquidiocese celebra 90 anos de dom Miguel Fenelon"},"content":{"rendered":"<p style=\"text-align: justify\">A arquidiocese de Teresina (PI) celebrou no \u00faltimo s\u00e1bado, 11, com missa solene, o anivers\u00e1rio de 90 anos do arcebispo em\u00e9rito, dom Miguel Fenelon C\u00e2mara. A celebra\u00e7\u00e3o na catedral de Nossa Senhora das Dores tamb\u00e9m fez mem\u00f3ria aos 16 anos dedicados ao arcebispado da capital piauiense, em uma trajet\u00f3ria \u201cmarcada pela simplicidade, humildade e servi\u00e7o aos mais necessitados\u201d, define a C\u00faria.<\/p>\n<p><!--more--><\/p>\n<p style=\"text-align: justify\">\u00a0<span style=\"line-height: 1.3em\">Dom Miguel Fenelon nasceu no dia 4 de abril de 1925, em Quixeramobim (CE). Seu ingresso no Semin\u00e1rio Menor de Fortaleza ocorreu aos 12 anos de idade. Estudou no Semin\u00e1rio da Prainha, em Fortaleza (CE). Aos 23, foi ordenado padre, em 8 de dezembro de 1948. Dom Fenelon tem Doutorado em Ci\u00eancias Sociais pela Pontif\u00edcia Universidade Gregoriana, em Roma. Na Universidade Pro Deo, fez especializa\u00e7\u00e3o em A\u00e7\u00e3o Social e Opini\u00e3o P\u00fablica.<\/span><\/p>\n<p style=\"text-align: justify\">Sua atua\u00e7\u00e3o no estado natal est\u00e1 ligada ao interior. Tamb\u00e9m foi professor dos Semin\u00e1rios Menor e Maior de Fortaleza. Ainda no Cear\u00e1 foi professor de religi\u00e3o, capel\u00e3o da Guarda Civil de Fortaleza, subsecret\u00e1rio do regional Nordeste 1 da Confer\u00eancia Nacional dos Bispos do Brasil (CNBB), coordenador pastoral da arquidiocese e vig\u00e1rio episcopal das religiosas.<\/p>\n<p style=\"text-align: justify\">Em janeiro de 1970 foi nomeado bispo auxiliar da capital cearense, sendo ordenado no dia 19 de mar\u00e7o daquele ano. Em 1974 foi eleito administrador apost\u00f3lico da diocese de Itapipoca (CE). Em 1976 foi nomeado arcebispo de Macei\u00f3 (AL). Neste per\u00edodo foi membro do Departamento de Educa\u00e7\u00e3o do Conselho Episcopal Latino-Americano (Celam) e delegado da CNBB \u00e0s confer\u00eancias de Puebla e Santo Domingo. Tamb\u00e9m atuou como presidente do regional Nordeste 4 da CNBB e vice-presidente do regional Nordeste 2.<\/p>\n<p style=\"text-align: justify\">Sua chegada em Teresina ocorreu em 1984. Sua posse como arcebispo metropolitano aconteceu no dia 6 de janeiro de 1985, at\u00e9 sua ren\u00fancia, foram 16 anos \u00e0 frente da arquidiocese, onde \u00a0criou v\u00e1rias pastorais, como o primeiro Vicariato das Comunica\u00e7\u00f5es Sociais do Brasil. O setor tinha a finalidade de promover, articular e integrar os servi\u00e7os de comunica\u00e7\u00e3o no \u00e2mbito da Igreja local.<\/p>\n<p style=\"text-align: justify\">Dom Miguel C\u00e2mara tamb\u00e9m criou o Vicariato da A\u00e7\u00e3o Social, tendo \u00a0atua\u00e7\u00e3o expressiva no desenvolvimento de projetos sociais em prol dos mais necessitados. Como fruto dos incentivos do arcebispo em\u00e9rito houve o fortalecimento da A\u00e7\u00e3o Social Arquidiocesana (ASA); a cria\u00e7\u00e3o do Lar da Fraternidade para portadores de HIV; do Lar de Miseric\u00f3rdia, para doentes de c\u00e2ncer; do Centro Maria Imaculada, voltado a pacientes em tratamento de Hansen\u00edase. A articula\u00e7\u00e3o da Pastoral do Menor em \u00e2mbito local tamb\u00e9m foi iniciativa de dom Miguel.<\/p>\n<p style=\"text-align: justify\"><span style=\"font-size: 0.83em;line-height: 1.3em\">Com informa\u00e7\u00f5es e fotografia da arquidiocese de Teresina (PI)<\/span><\/p>\n","protected":false},"excerpt":{"rendered":"<p>A arquidiocese de Teresina (PI) celebrou no \u00faltimo s\u00e1bado, 11, com missa solene, o anivers\u00e1rio de 90 anos do arcebispo em\u00e9rito, dom Miguel Fenelon C\u00e2mara. A celebra\u00e7\u00e3o na catedral de Nossa Senhora das Dores tamb\u00e9m fez mem\u00f3ria aos 16 anos dedicados ao arcebispado da capital piauiense, em uma trajet\u00f3ria \u201cmarcada pela simplicidade, humildade e servi\u00e7o &hellip;<\/p>\n<p class=\"read-more\"> <a class=\"\" href=\"https:\/\/www.cnbb.org.br\/arquidiocese-celebra-90-anos-de-dom-miguel-fenelon\/\"> <span class=\"screen-reader-text\">Arquidiocese celebra 90 anos de dom Miguel Fenelon<\/span> Leia mais &raquo;<\/a><\/p>\n","protected":false},"author":83,"featured_media":23705,"comment_status":"open","ping_status":"open","sticky":false,"template":"","format":"standard","meta":{"site-sidebar-layout":"default","site-content-layout":"default","ast-global-header-display":"","ast-banner-title-visibility":"","ast-main-header-display":"","ast-hfb-above-header-display":"","ast-hfb-below-header-display":"","ast-hfb-mobile-header-display":"","site-post-title":"","ast-breadcrumbs-content":"","ast-featured-img":"","footer-sml-layout":"","theme-transparent-header-meta":"","adv-header-id-meta":"","stick-header-meta":"","header-above-stick-meta":"","header-main-stick-meta":"","header-below-stick-meta":""},"categories":[817,769],"tags":[],"acf":[],"_links":{"self":[{"href":"https:\/\/www.cnbb.org.br\/cnbb-app\/wp\/v2\/posts\/23704"}],"collection":[{"href":"https:\/\/www.cnbb.org.br\/cnbb-app\/wp\/v2\/posts"}],"about":[{"href":"https:\/\/www.cnbb.org.br\/cnbb-app\/wp\/v2\/types\/post"}],"author":[{"embeddable":true,"href":"https:\/\/www.cnbb.org.br\/cnbb-app\/wp\/v2\/users\/83"}],"replies":[{"embeddable":true,"href":"https:\/\/www.cnbb.org.br\/cnbb-app\/wp\/v2\/comments?post=23704"}],"version-history":[{"count":0,"href":"https:\/\/www.cnbb.org.br\/cnbb-app\/wp\/v2\/posts\/23704\/revisions"}],"wp:featuredmedia":[{"embeddable":true,"href":"https:\/\/www.cnbb.org.br\/cnbb-app\/wp\/v2\/media\/23705"}],"wp:attachment":[{"href":"https:\/\/www.cnbb.org.br\/cnbb-app\/wp\/v2\/media?parent=23704"}],"wp:term":[{"taxonomy":"category","embeddable":true,"href":"https:\/\/www.cnbb.org.br\/cnbb-app\/wp\/v2\/categories?post=23704"},{"taxonomy":"post_tag","embeddable":true,"href":"https:\/\/www.cnbb.org.br\/cnbb-app\/wp\/v2\/tags?post=23704"}],"curies":[{"name":"wp","href":"https:\/\/api.w.org\/{rel}","templated":true}]}}