{"id":23710,"date":"2015-07-06T00:00:00","date_gmt":"2015-07-06T03:00:00","guid":{"rendered":"https:\/\/www.cnbb.org.br\/iniciacao-a-vida-crista-e-tema-central-da-xxv-assembleia-de-pastoral-do-ne4\/"},"modified":"2015-07-06T00:00:00","modified_gmt":"2015-07-06T03:00:00","slug":"iniciacao-a-vida-crista-e-tema-central-da-xxv-assembleia-de-pastoral-do-ne4","status":"publish","type":"post","link":"https:\/\/www.cnbb.org.br\/iniciacao-a-vida-crista-e-tema-central-da-xxv-assembleia-de-pastoral-do-ne4\/","title":{"rendered":"Inicia\u00e7\u00e3o \u00e0 Vida Crist\u00e3 \u00e9 tema central da XXV Assembleia de Pastoral do NE4"},"content":{"rendered":"<p style=\"text-align: justify\"><span style=\"font-size: 12.1599998474121px;line-height: 1.3em\">Os bispos do regional Nordeste 4 da Confer\u00eancia Nacional dos Bispos do Brasil (CNBB), que abrange o estado do Piau\u00ed, realizaram de 2 a 4 de julho, a XXV Assembleia de Pastoral do Regional, no Centro de Treinamento Pe. Tony Batista, no Socopinho, em Teresina (PI). A missa de abertura foi celebrada pelo bispo de Oeiras (PI) e vice-presidente do regional, dom Juarez Sousa da Silva.<\/span><\/p>\n<p>  <!--more-->  <\/p>\n<p style=\"text-align: justify\">\u00a0Os participantes foram acolhidos pelo secret\u00e1rio-executivo, padre Luiz Eduardo do Nascimento, que apresentou o tema central da assembleia \u201cA inicia\u00e7\u00e3o \u00e0 vida crist\u00e3 de inspira\u00e7\u00e3o catecumenal\u201d e falou brevemente sobre proposta de um \u201creaprendizado\u201d da doutrina e pr\u00e1tica crist\u00e3. O arcebispo de Teresina e presidente do regional, dom Jacinto Brito, tamb\u00e9m saudou os demais bispos, padres, religiosos e leigos que participaram do momento.<\/p>\n<p style=\"text-align: justify\">O tema central foi abordado pelo assessor, padre Jordelio Ledo, da diocese de Santo Andr\u00e9 (SP). Ele ressaltou a import\u00e2ncia da catequese para a Igreja, visto que \u00e9 a partir da catequese, geralmente na inf\u00e2ncia, que as pessoas d\u00e3o in\u00edcio \u00e0 vida crist\u00e3. Para o padre, a escolha deste tema est\u00e1 em sintonia com a preocupa\u00e7\u00e3o da Igreja, demonstrada desde o Documento de Aparecida e o Estudo 97 da CNBB, \u201cInicia\u00e7\u00e3o \u00e0 vida Crist\u00e3\u201d, que por fim, resultou no Itiner\u00e1rio Catequ\u00e9tico, proposto pela Comiss\u00e3o Episcopal Pastoral para a Anima\u00e7\u00e3o B\u00edblico-catequ\u00e9tica.<\/p>\n<p style=\"text-align: justify\">Na ocasi\u00e3o, o sacerdote explicou que a catequese tamb\u00e9m se desenvolve como um processo educativo e, por isso, \u00e9 essencialmente uma a\u00e7\u00e3o pedag\u00f3gica. \u201cO trabalho do catequista deve ser planejado. \u00c9 importante haver a comiss\u00e3o de inicia\u00e7\u00e3o \u00e0 vida crist\u00e3 para planejar a catequese, que deve ser integrada, e n\u00e3o fragmentada, com planejamento educativo cont\u00ednuo, no qual est\u00e3o previstas todas as fases e os novos projetos em que v\u00e3o ser inseridos os que j\u00e1 foram iniciados. Sabemos atrair, mas n\u00e3o sabemos manter as pessoas na Igreja. Se houver todo o processo planejado, as pessoas ser\u00e3o naturalmente inseridas\u201d, conclui padre Jordelio.<\/p>\n<p style=\"text-align: justify\">O d\u00edzimo foi outro assunto abordado pela Assembleia. As dioceses ressaltaram que ele \u00e9 express\u00e3o de corresponsabilidade dos fi\u00e9is no que diz respeito a manuten\u00e7\u00e3o da Igreja, na sustenta\u00e7\u00e3o de seus ministros ordenados e da miss\u00e3o evangelizadora e social.<\/p>\n<p style=\"text-align: justify\">Outro assunto em pauta foi a redu\u00e7\u00e3o da maioridade penal. O tema foi apresentado pelo\u00a0presidente da Comiss\u00e3o Arquidiocesana de Direitos Humanos de Teresina, o juiz Carlos Wagner. Ao falar sobre o projeto de lei em tramita\u00e7\u00e3o no Congresso Nacional, o juiz afirmou que ele \u00e9 inconstitucional e ainda que n\u00e3o seria a solu\u00e7\u00e3o para a viol\u00eancia. \u201cO problema n\u00e3o est\u00e1 na redu\u00e7\u00e3o da maioridade penal e sim na educa\u00e7\u00e3o, moradia, lazer, que n\u00e3o s\u00e3o oferecidos \u00e0s crian\u00e7as e adolescentes\u201d, pontuou Carlos ao tra\u00e7ar o perfil dos menores infratores. Segundo ele, a solu\u00e7\u00e3o n\u00e3o deve estar na puni\u00e7\u00e3o, mas na preven\u00e7\u00e3o para que os menores n\u00e3o cometam crimes.<\/p>\n<p style=\"text-align: justify\"><strong>Aten\u00e7\u00e3o do poder p\u00fablico<\/strong><\/p>\n<p style=\"text-align: justify\">Os sete bispos presentes na Assembleia reuniram-se com a vice-governadora do estado do Piau\u00ed, Margareth Coelho, e expuseram as dificuldades enfrentadas pela popula\u00e7\u00e3o de cada regi\u00e3o. Os religiosos tamb\u00e9m se dispuseram a ajudar o poder p\u00fablico a fim de amenizar os problemas da popula\u00e7\u00e3o.<\/p>\n<p style=\"text-align: justify\">Na oportunidade, o bispo da diocese de Picos (PI), dom Pl\u00ednio Jos\u00e9 Luz da Silva, destacou que a regi\u00e3o enfrenta problemas com a constru\u00e7\u00e3o da Ferrovia\u00a0Transnordestina e pediu a aten\u00e7\u00e3o das autoridades com a situa\u00e7\u00e3o. Segundo ele, relatos dos moradores d\u00e3o conta de que muitos n\u00e3o receberam as indeniza\u00e7\u00f5es devidas pelo governo e que as casas constru\u00eddas para eles s\u00e3o de m\u00e1 qualidade. \u00a0\u00a0<\/p>\n<p style=\"text-align: justify\"><span style=\"font-size: 12.1599998474121px;line-height: 1.3em\">As atividades foram encerradas com uma celebra\u00e7\u00e3o eucar\u00edstica presidida por dom Marcos Tavoni, que fez tamb\u00e9m a ora\u00e7\u00e3o de envio. Ao final, todos os bispos presentes aben\u00e7oaram os participantes do encontro e j\u00e1 deixaram o convite para que o evento se repita, de 30 de junho a 02 de julho, no pr\u00f3ximo ano.<\/span><\/p>\n<h5 style=\"text-align: justify\">Com informa\u00e7\u00f5es do regional Nordeste 4<\/h5>\n","protected":false},"excerpt":{"rendered":"<p>Os bispos do regional Nordeste 4 da Confer\u00eancia Nacional dos Bispos do Brasil (CNBB), que abrange o estado do Piau\u00ed, realizaram de 2 a 4 de julho, a XXV Assembleia de Pastoral do Regional, no Centro de Treinamento Pe. Tony Batista, no Socopinho, em Teresina (PI). A missa de abertura foi celebrada pelo bispo de &hellip;<\/p>\n<p class=\"read-more\"> <a class=\"\" href=\"https:\/\/www.cnbb.org.br\/iniciacao-a-vida-crista-e-tema-central-da-xxv-assembleia-de-pastoral-do-ne4\/\"> <span class=\"screen-reader-text\">Inicia\u00e7\u00e3o \u00e0 Vida Crist\u00e3 \u00e9 tema central da XXV Assembleia de Pastoral do NE4<\/span> Leia mais &raquo;<\/a><\/p>\n","protected":false},"author":83,"featured_media":23711,"comment_status":"open","ping_status":"open","sticky":false,"template":"","format":"standard","meta":{"site-sidebar-layout":"default","site-content-layout":"default","ast-global-header-display":"","ast-banner-title-visibility":"","ast-main-header-display":"","ast-hfb-above-header-display":"","ast-hfb-below-header-display":"","ast-hfb-mobile-header-display":"","site-post-title":"","ast-breadcrumbs-content":"","ast-featured-img":"","footer-sml-layout":"","theme-transparent-header-meta":"","adv-header-id-meta":"","stick-header-meta":"","header-above-stick-meta":"","header-main-stick-meta":"","header-below-stick-meta":""},"categories":[817,769],"tags":[],"acf":[],"_links":{"self":[{"href":"https:\/\/www.cnbb.org.br\/cnbb-app\/wp\/v2\/posts\/23710"}],"collection":[{"href":"https:\/\/www.cnbb.org.br\/cnbb-app\/wp\/v2\/posts"}],"about":[{"href":"https:\/\/www.cnbb.org.br\/cnbb-app\/wp\/v2\/types\/post"}],"author":[{"embeddable":true,"href":"https:\/\/www.cnbb.org.br\/cnbb-app\/wp\/v2\/users\/83"}],"replies":[{"embeddable":true,"href":"https:\/\/www.cnbb.org.br\/cnbb-app\/wp\/v2\/comments?post=23710"}],"version-history":[{"count":0,"href":"https:\/\/www.cnbb.org.br\/cnbb-app\/wp\/v2\/posts\/23710\/revisions"}],"wp:featuredmedia":[{"embeddable":true,"href":"https:\/\/www.cnbb.org.br\/cnbb-app\/wp\/v2\/media\/23711"}],"wp:attachment":[{"href":"https:\/\/www.cnbb.org.br\/cnbb-app\/wp\/v2\/media?parent=23710"}],"wp:term":[{"taxonomy":"category","embeddable":true,"href":"https:\/\/www.cnbb.org.br\/cnbb-app\/wp\/v2\/categories?post=23710"},{"taxonomy":"post_tag","embeddable":true,"href":"https:\/\/www.cnbb.org.br\/cnbb-app\/wp\/v2\/tags?post=23710"}],"curies":[{"name":"wp","href":"https:\/\/api.w.org\/{rel}","templated":true}]}}