{"id":23712,"date":"2015-08-14T00:00:00","date_gmt":"2015-08-14T03:00:00","guid":{"rendered":"https:\/\/www.cnbb.org.br\/seminario-sobre-acordo-brasil-santa-se-acontece-em-teresina\/"},"modified":"2015-08-14T00:00:00","modified_gmt":"2015-08-14T03:00:00","slug":"seminario-sobre-acordo-brasil-santa-se-acontece-em-teresina","status":"publish","type":"post","link":"https:\/\/www.cnbb.org.br\/seminario-sobre-acordo-brasil-santa-se-acontece-em-teresina\/","title":{"rendered":"Regional Nordeste 4 realiza Semin\u00e1rio sobre Acordo Brasil-Santa S\u00e9"},"content":{"rendered":"<p style=\"text-align: justify\">O regional Nordeste 4 da Confer\u00eancia Nacional dos Bispos do Brasil (CNBB) promover\u00e1 de 18 a 20 de agosto, em Teresina (PI), o Semin\u00e1rio sobre o Acordo Brasil-Santa S\u00e9 \u2013 implica\u00e7\u00f5es jur\u00eddicas e administrativas. O evento ser\u00e1 realizado em parceria com o Instituto Cat\u00f3lico de Ensino Superior do Piau\u00ed (Icespi) e ir\u00e1 debater os efeitos do Estatuto Jur\u00eddico da Igreja Cat\u00f3lica no Brasil.\u00a0<\/p>\n<p>  <!--more-->  <\/p>\n<p style=\"text-align: justify\">Est\u00e1 prevista a participa\u00e7\u00e3o de bispos, padres e colaboradores das \u00e1reas de administra\u00e7\u00e3o, economato e assist\u00eancia jur\u00eddica das dioceses, par\u00f3quias e outras entidades ligadas \u00e0 Igreja. \u201cUma oportunidade para se discutir as implica\u00e7\u00f5es desse importante acordo, o qual concede maior clareza, organicidade e tranquilidade a essas rela\u00e7\u00f5es, e que contribui para o bem-estar de todos aqueles que professam a f\u00e9 cat\u00f3lica e se orientam conforme as leis vigentes no pa\u00eds\u201d, explica o regional.<\/p>\n<p style=\"text-align: justify\">O Semin\u00e1rio tamb\u00e9m ser\u00e1 aberto a ju\u00edzes, procuradores, defensores p\u00fablicos, advogados, auditores, religiosos, estudante e professores de Direito, Administra\u00e7\u00e3o e Ci\u00eancias Cont\u00e1beis. \u00c9 necess\u00e1rio fazer a <a href=\"http:\/\/cnbbne4.org.br\/site\/ficha-de-inscricao\/\" target=\"_blank\" rel=\"noopener\">inscri\u00e7\u00e3o <\/a>no site do regional Nordeste 4 da CNBB.<\/p>\n<p style=\"text-align: justify\"><strong>Comiss\u00e3o<\/strong><\/p>\n<p style=\"text-align: justify\">A CNBB possui uma Comiss\u00e3o Episcopal respons\u00e1vel pela implementa\u00e7\u00e3o do Acordo Brasil-Santa S\u00e9 nas dioceses do pa\u00eds. Durante o Semin\u00e1rio, estar\u00e3o presentes seus membros prestando assessoria.<\/p>\n<p style=\"text-align: justify\">Estar\u00e1 presente na abertura do encontro o arcebispo de Aparecida (SP) e presidente da Comiss\u00e3o Episcopal para Implementa\u00e7\u00e3o do Acordo entre o Brasil e a Santa S\u00e9 da CNBB, cardeal Raymundo Damasceno Assis. O consultor jur\u00eddico-can\u00f4nico da CNBB e secret\u00e1rio da Comiss\u00e3o, frei Evaldo Xavier Gomes, far\u00e1 uma introdu\u00e7\u00e3o geral sobre o Acordo entre o Brasil e a Santa S\u00e9 de 2008.<\/p>\n<p style=\"text-align: justify\">Tamb\u00e9m participar\u00e3o outros dois membros da Comiss\u00e3o: o bispo em\u00e9rito de Palmares (PE), dom Genival Saraiva de Fran\u00e7a, e o advogado Hugo Jos\u00e9 Sarubbi Cysneiros de Oliveira.<\/p>\n<p style=\"text-align: justify\">O acordo entre a Rep\u00fablica Federativa do Brasil e Santa S\u00e9, relativo ao estatuto jur\u00eddico da Igreja Cat\u00f3lica no Brasil, foi elaborado e firmado no Vaticano, em 13 de novembro de 2008, aprovado pelo Congresso Nacional por meio do Decreto Legislativo n\u00ba 698, de 7 de outubro de 2009. O referido acordo entrou em vigor internacionalmente em 10 de dezembro de 2009. O Decreto n\u00ba 7.107, de 11 de fevereiro de 2010, promulgou o tratado entre o Estado brasileiro e a S\u00e9 Apost\u00f3lica.<\/p>\n<p style=\"text-align: justify\">Informa\u00e7\u00f5es e inscri\u00e7\u00f5es: <a href=\"http:\/\/cnbbne4.org.br\/site\/ficha-de-inscricao\/\" target=\"_blank\" rel=\"noopener\">clique aqui<\/a>.<\/p>\n<h4 style=\"text-align: justify\">Com informa\u00e7\u00f5es do regional Nordeste 4<\/h4>\n","protected":false},"excerpt":{"rendered":"<p>O regional Nordeste 4 da Confer\u00eancia Nacional dos Bispos do Brasil (CNBB) promover\u00e1 de 18 a 20 de agosto, em Teresina (PI), o Semin\u00e1rio sobre o Acordo Brasil-Santa S\u00e9 \u2013 implica\u00e7\u00f5es jur\u00eddicas e administrativas. O evento ser\u00e1 realizado em parceria com o Instituto Cat\u00f3lico de Ensino Superior do Piau\u00ed (Icespi) e ir\u00e1 debater os efeitos &hellip;<\/p>\n<p class=\"read-more\"> <a class=\"\" href=\"https:\/\/www.cnbb.org.br\/seminario-sobre-acordo-brasil-santa-se-acontece-em-teresina\/\"> <span class=\"screen-reader-text\">Regional Nordeste 4 realiza Semin\u00e1rio sobre Acordo Brasil-Santa S\u00e9<\/span> Leia mais &raquo;<\/a><\/p>\n","protected":false},"author":83,"featured_media":23713,"comment_status":"open","ping_status":"open","sticky":false,"template":"","format":"standard","meta":{"site-sidebar-layout":"default","site-content-layout":"default","ast-global-header-display":"","ast-banner-title-visibility":"","ast-main-header-display":"","ast-hfb-above-header-display":"","ast-hfb-below-header-display":"","ast-hfb-mobile-header-display":"","site-post-title":"","ast-breadcrumbs-content":"","ast-featured-img":"","footer-sml-layout":"","theme-transparent-header-meta":"","adv-header-id-meta":"","stick-header-meta":"","header-above-stick-meta":"","header-main-stick-meta":"","header-below-stick-meta":""},"categories":[817,769],"tags":[],"acf":[],"_links":{"self":[{"href":"https:\/\/www.cnbb.org.br\/cnbb-app\/wp\/v2\/posts\/23712"}],"collection":[{"href":"https:\/\/www.cnbb.org.br\/cnbb-app\/wp\/v2\/posts"}],"about":[{"href":"https:\/\/www.cnbb.org.br\/cnbb-app\/wp\/v2\/types\/post"}],"author":[{"embeddable":true,"href":"https:\/\/www.cnbb.org.br\/cnbb-app\/wp\/v2\/users\/83"}],"replies":[{"embeddable":true,"href":"https:\/\/www.cnbb.org.br\/cnbb-app\/wp\/v2\/comments?post=23712"}],"version-history":[{"count":0,"href":"https:\/\/www.cnbb.org.br\/cnbb-app\/wp\/v2\/posts\/23712\/revisions"}],"wp:featuredmedia":[{"embeddable":true,"href":"https:\/\/www.cnbb.org.br\/cnbb-app\/wp\/v2\/media\/23713"}],"wp:attachment":[{"href":"https:\/\/www.cnbb.org.br\/cnbb-app\/wp\/v2\/media?parent=23712"}],"wp:term":[{"taxonomy":"category","embeddable":true,"href":"https:\/\/www.cnbb.org.br\/cnbb-app\/wp\/v2\/categories?post=23712"},{"taxonomy":"post_tag","embeddable":true,"href":"https:\/\/www.cnbb.org.br\/cnbb-app\/wp\/v2\/tags?post=23712"}],"curies":[{"name":"wp","href":"https:\/\/api.w.org\/{rel}","templated":true}]}}