{"id":237133,"date":"2020-04-16T09:54:14","date_gmt":"2020-04-16T12:54:14","guid":{"rendered":"https:\/\/www.cnbb.org.br\/?p=237133"},"modified":"2020-04-16T09:54:14","modified_gmt":"2020-04-16T12:54:14","slug":"papa-emerito-bento-xvi-completa-93-anos-de-idade-e-reza-pelos-doentes-da-covid-19","status":"publish","type":"post","link":"https:\/\/www.cnbb.org.br\/papa-emerito-bento-xvi-completa-93-anos-de-idade-e-reza-pelos-doentes-da-covid-19\/","title":{"rendered":"Papa em\u00e9rito, Bento XVI, completa 93 anos de idade e reza pelos doentes da covid-19"},"content":{"rendered":"<p style=\"text-align: justify\">No sinal da sobriedade e da gratid\u00e3o ao Senhor. Assim Bento XVI est\u00e1 transcorrendo seu 93\u00ba anivers\u00e1rio no mosteiro\u00a0<i>Mater Ecclesiae<\/i>\u00a0no Vaticano. No respeito pelas medidas preventivas ao cont\u00e1gio, o Papa em\u00e9rito n\u00e3o recebeu visitas, conta ao Vatican News dom Georg G\u00e4nswein.<\/p>\n<p style=\"text-align: justify\">Todavia, o secret\u00e1rio particular de Ratzinger afirmou que nestas horas o papa em\u00e9rito est\u00e1 recebendo numerosos telefonemas de felicita\u00e7\u00f5es, em particular do irm\u00e3o Georg. Tamb\u00e9m s\u00e3o muitas as mensagens que est\u00e3o chegando pelo correio eletr\u00f4nico.<\/p>\n<p style=\"text-align: justify\">O Papa em\u00e9rito est\u00e1 constantemente informado sobre os desdobramentos da pandemia e reza diariamente pelos doentes e por aqueles que sofrem por causa do v\u00edrus, afirma o prefeito da Casa Pontif\u00edcia.<\/p>\n<blockquote>\n<p style=\"text-align: justify\">\u201cFicou tamb\u00e9m particularmente impressionado com os muitos sacerdotes, m\u00e9dicos e enfermeiros mortos, em particular no norte da It\u00e1lia, na realiza\u00e7\u00e3o do pr\u00f3prio servi\u00e7o de assist\u00eancia aos doentes do coronav\u00edrus\u201d, disse seu secret\u00e1rio. Bento XVI participa desta dor, acompanha com preocupa\u00e7\u00e3o, mas n\u00e3o se deixa roubar a esperan\u00e7a&#8221;, concluiu dom G\u00e4nswein.<\/p>\n<\/blockquote>\n<p style=\"text-align: justify\">Iniciado com a Missa na capela do mosteiro \u2013 uma celebra\u00e7\u00e3o mais solene do que o habitual \u2013, o dia no\u00a0<i>Mater Ecclesiae<\/i>\u00a0prossegue marcado por momentos de ora\u00e7\u00e3o e leituras, mas tamb\u00e9m momentos dedicados aos cantos t\u00edpicos da Baviera (sul da Alemanha), p\u00e1tria de Bento XVI.<\/p>\n<p style=\"text-align: justify\">Nesta manh\u00e3, o Papa em\u00e9rito recebeu uma volumosa biografia escrita pelo jornalista alem\u00e3o Peter Seewald, que ser\u00e1 publicada no pr\u00f3ximo dia 4 de maio. \u201cInicialmente Seewald pretendia presente\u00e1-lo pessoalmente, mas infelizmente a pandemia o tornou imposs\u00edvel&#8221;, disse dom G\u00e4nswein.<\/p>\n<p style=\"text-align: justify\">A biografia de Seewald \u201cBento XVI \u2013 uma vida\u201d ser\u00e1 publicada pela casa editora\u00a0<i>Droemer Knaur<\/i>. O autor publicou v\u00e1rios livros-entrevista com o Papa em\u00e9rito, entre os quais os\u00a0<i>best sellers<\/i>\u00a0\u201cLuz do mundo\u201d e \u201c\u00daltimas conversa\u00e7\u00f5es\u201d.<\/p>\n<p><strong>Biografia<\/strong><\/p>\n<p style=\"text-align: justify\">Joseph Aloisius Ratzinger nasceu em 16 de abril de 1927, em Marktl am Inn, na Alemanha. Foi ordenado sacerdote em 29 de junho de 1921. Em 25 de mar\u00e7o de 1977, foi nomeado arcebispo de Munique e Frisinga, pelo Papa Paulo VI, e elevado a Cardeal no consist\u00f3rio de 27 de junho de 1977. Em 1981, S\u00e3o Jo\u00e3o Paulo II o nomeou prefeito da Congrega\u00e7\u00e3o para a Doutrina da F\u00e9, cargo que manteve at\u00e9 o falecimento do seu predecessor. Em 18 de abril de 2005, foi eleito Bispo de Roma, renunciando ao pontificado em 28 de fevereiro de 2013. Desde ent\u00e3o, o Papa Em\u00e9rito vive no Mosteiro Mater Ecclesiae, no Vaticano.<\/p>\n<p><b>Alessandro Gisotti &#8211; Vatican News<\/b>    \t<\/p>\n","protected":false},"excerpt":{"rendered":"<p>Joseph Aloisius Ratzinger nasceu em 16 de abril de 1927, em Marktl am Inn, na Alemanha. Renunciou ao pontificado em fevereiro de 2013<\/p>\n","protected":false},"author":83,"featured_media":183952,"comment_status":"closed","ping_status":"open","sticky":false,"template":"","format":"standard","meta":{"site-sidebar-layout":"default","site-content-layout":"default","ast-global-header-display":"","ast-banner-title-visibility":"","ast-main-header-display":"","ast-hfb-above-header-display":"","ast-hfb-below-header-display":"","ast-hfb-mobile-header-display":"","site-post-title":"","ast-breadcrumbs-content":"","ast-featured-img":"","footer-sml-layout":"","theme-transparent-header-meta":"","adv-header-id-meta":"","stick-header-meta":"","header-above-stick-meta":"","header-main-stick-meta":"","header-below-stick-meta":""},"categories":[841],"tags":[2467,2183,2468],"acf":[],"_links":{"self":[{"href":"https:\/\/www.cnbb.org.br\/cnbb-app\/wp\/v2\/posts\/237133"}],"collection":[{"href":"https:\/\/www.cnbb.org.br\/cnbb-app\/wp\/v2\/posts"}],"about":[{"href":"https:\/\/www.cnbb.org.br\/cnbb-app\/wp\/v2\/types\/post"}],"author":[{"embeddable":true,"href":"https:\/\/www.cnbb.org.br\/cnbb-app\/wp\/v2\/users\/83"}],"replies":[{"embeddable":true,"href":"https:\/\/www.cnbb.org.br\/cnbb-app\/wp\/v2\/comments?post=237133"}],"version-history":[{"count":0,"href":"https:\/\/www.cnbb.org.br\/cnbb-app\/wp\/v2\/posts\/237133\/revisions"}],"wp:featuredmedia":[{"embeddable":true,"href":"https:\/\/www.cnbb.org.br\/cnbb-app\/wp\/v2\/media\/183952"}],"wp:attachment":[{"href":"https:\/\/www.cnbb.org.br\/cnbb-app\/wp\/v2\/media?parent=237133"}],"wp:term":[{"taxonomy":"category","embeddable":true,"href":"https:\/\/www.cnbb.org.br\/cnbb-app\/wp\/v2\/categories?post=237133"},{"taxonomy":"post_tag","embeddable":true,"href":"https:\/\/www.cnbb.org.br\/cnbb-app\/wp\/v2\/tags?post=237133"}],"curies":[{"name":"wp","href":"https:\/\/api.w.org\/{rel}","templated":true}]}}