{"id":23716,"date":"2015-10-21T00:00:00","date_gmt":"2015-10-21T02:00:00","guid":{"rendered":"https:\/\/www.cnbb.org.br\/romaria-da-terra-e-da-agua-reune-dioceses-do-piaui\/"},"modified":"2015-10-21T00:00:00","modified_gmt":"2015-10-21T02:00:00","slug":"romaria-da-terra-e-da-agua-reune-dioceses-do-piaui","status":"publish","type":"post","link":"https:\/\/www.cnbb.org.br\/romaria-da-terra-e-da-agua-reune-dioceses-do-piaui\/","title":{"rendered":"Romaria da terra e da \u00e1gua re\u00fane dioceses do Piau\u00ed"},"content":{"rendered":"<p style=\"text-align: justify\">O evento teve como objetivo recordar a terra e a \u00e1gua como \u201cdons de Deus e direito das pessoas\u201d<\/p>\n<p><!--more--><\/p>\n<p style=\"text-align: justify\">A 13\u00aa Romaria da Terra e da \u00c1gua do Piau\u00ed, promovida pela diocese de Oeiras (PI), que sediou o evento, e as Pastorais Sociais e organismos do Regional Nordeste 4 da Confer\u00eancia Nacional dos Bispos do Brasil (CNBB) reuniu cerca de 20 mil pessoas nos dias 17 e 18 de outubro. A manifesta\u00e7\u00e3o religiosa e de cunho social \u00e9 realizada h\u00e1 aproximadamente 30 anos. Nesta edi\u00e7\u00e3o o tema escolhido foi \u201cTerra e \u00c1gua: Direitos dos povos, garantia de vida e paz\u201d e o lema \u201cEu darei esta terra \u00e0 sua descend\u00eancia\u201d. (Gn 12, 7).<\/p>\n<p style=\"text-align: justify\">Bispos, padres, religiosas, autoridades civis e romeiros de todas as oito dioceses do Regional Nordeste 4 da CNBB estiveram presentes na iniciativa que fez parte das manifesta\u00e7\u00f5es do Ano da Paz, proposto pela 52\u00aa Assembleia Geral da Confer\u00eancia, em 2014. De acordo com o bispo de Oeiras (PI), dom Juarez Souza da Silva, o evento teve como objetivo recordar a terra e a \u00e1gua como \u201cdons de Deus e direito das pessoas\u201d. A partir do di\u00e1logo e da ilumina\u00e7\u00e3o b\u00edblica proposta no lema, os romeiros tamb\u00e9m se mobilizaram para a supera\u00e7\u00e3o dos desafios enfrentados na regi\u00e3o com rela\u00e7\u00e3o ao agroneg\u00f3cio e aos projetos de desenvolvimento que prejudicam os pequenos agricultores.<\/p>\n<h3 style=\"text-align: justify\">Semin\u00e1rios<\/h3>\n<p style=\"text-align: justify\">Para tratar dessas reivindica\u00e7\u00f5es, a Romaria da terra contou com a realiza\u00e7\u00e3o de quatro semin\u00e1rios, no s\u00e1bado, dia 17, os quais debateram tem\u00e1ticas relacionadas aos problemas enfrentados na regi\u00e3o. \u201cCana\u00e3\u201d, \u201cSamaria\u201d, \u201cSerrado\u201d e &#8220;Bet\u00e2nia&#8221; abordaram, respectivamente, os temas \u201cDeus criou a Terra para sua descend\u00eancia\u201d, \u201c\u00c1gua, fonte de vida para todas as criaturas\u201d, \u201cGrandes projetos e impactos socioambientais\u201d e \u201cMigra\u00e7\u00e3o for\u00e7ada e trabalho escravo amea\u00e7am a vida e a paz\u201d.<\/p>\n<p style=\"text-align: justify\">\u00c0 noite, aconteceu a Tribuna Popular, um momento de socializa\u00e7\u00e3o dos debates e apresenta\u00e7\u00e3o de reivindica\u00e7\u00f5es que surgiram nos semin\u00e1rios.<\/p>\n<h3 style=\"text-align: justify\">Prociss\u00e3o<\/h3>\n<p style=\"text-align: justify\">Com in\u00edcio \u00e0s 4 horas da manh\u00e3, a concentra\u00e7\u00e3o nas proximidades do Morro do Leme antecedeu a prociss\u00e3o que passou pelas ruas de Oeiras. Durante o percurso, foram feitas paradas para reflex\u00e3o. A primeira, foi em frente ao pr\u00e9dio da Justi\u00e7a Eleitoral, momento em que os romeiros lembraram a corrup\u00e7\u00e3o no Brasil e a chamada \u201ctrai\u00e7\u00e3o ao povo\u201d. Para marcar o ato, foi colocado\u00a0no ch\u00e3o um cartaz com a proposta de Reforma Pol\u00edtica defendida pela Coaliz\u00e3o Democr\u00e1tica pela Reforma Pol\u00edtica e Elei\u00e7\u00f5es Limpas, da qual a CNBB faz parte em parceria com mais de cem entidades.<\/p>\n<p style=\"text-align: justify\">No Hospital Regional Deolindo Couto foi realizada a segunda parada, com a reflex\u00e3o sobre o descaso no servi\u00e7o de sa\u00fade p\u00fablica oferecido pelo Sistema \u00danico de Sa\u00fade (SUS). Foram apresentadas tr\u00eas cruzes de madeira simbolizando a morte por falta de atendimento digno. Sobre as cruzes foram colocados tr\u00eas panos brancos representando a vida e a luta pela constru\u00e7\u00e3o de hospital, a busca por atendimento de qualidade, pela medicina popular e pelo cuidado na produ\u00e7\u00e3o de alimentos livres de venenos, a fim de evitar doen\u00e7as.<\/p>\n<p style=\"text-align: justify\">No centro hist\u00f3rico de Oeiras aconteceu a \u00faltima parada, \u00e0s margens do riacho Mocha. No local, representantes da Associa\u00e7\u00e3o Ambiental de Oeiras (AMO) conduziram a reflex\u00e3o sobre a quest\u00e3o ambiental a partir da leitura de poemas. Tomando como exemplo o riacho de Oeiras, o grupo chamou aten\u00e7\u00e3o para o cuidado com as \u00e1guas do planeta e a conscientiza\u00e7\u00e3o da popula\u00e7\u00e3o sobre a polui\u00e7\u00e3o e o desmatamento nas margens de rios e riachos do Brasil.<\/p>\n<p style=\"text-align: justify\">A missa de encerramento foi celebrada na Pra\u00e7a das Vit\u00f3rias, onde est\u00e1 localizada a Catedral. O bispo de Oeiras, dom Juarez, em sua homilia, criticou a busca desenfreada pelo poder e pelo dinheiro e pela desvaloriza\u00e7\u00e3o da vida frente ao poder econ\u00f4mico. Para o prelado, o homem do campo e as pessoas mais pobres s\u00e3o as \u201cgrandes v\u00edtimas\u201d. \u201c\u00c9 preciso lutar pelos direitos dos povos, garantindo paz na promo\u00e7\u00e3o da vida e no favorecimento dos que mais sofrem\u201d, disse.<\/p>\n<h5 style=\"text-align: justify\">Com informa\u00e7\u00f5es do regional Nordeste 4 da CNBB e da diocese de Oeiras<br \/>\nCom fotos de Cleuma Silva<\/h5>\n<p style=\"text-align: justify\">\n","protected":false},"excerpt":{"rendered":"<p>O evento teve como objetivo recordar a terra e a \u00e1gua como \u201cdons de Deus e direito das pessoas\u201d<\/p>\n","protected":false},"author":83,"featured_media":23717,"comment_status":"open","ping_status":"open","sticky":false,"template":"","format":"standard","meta":{"site-sidebar-layout":"default","site-content-layout":"default","ast-global-header-display":"","ast-banner-title-visibility":"","ast-main-header-display":"","ast-hfb-above-header-display":"","ast-hfb-below-header-display":"","ast-hfb-mobile-header-display":"","site-post-title":"","ast-breadcrumbs-content":"","ast-featured-img":"","footer-sml-layout":"","theme-transparent-header-meta":"","adv-header-id-meta":"","stick-header-meta":"","header-above-stick-meta":"","header-main-stick-meta":"","header-below-stick-meta":""},"categories":[817,769],"tags":[],"acf":[],"_links":{"self":[{"href":"https:\/\/www.cnbb.org.br\/cnbb-app\/wp\/v2\/posts\/23716"}],"collection":[{"href":"https:\/\/www.cnbb.org.br\/cnbb-app\/wp\/v2\/posts"}],"about":[{"href":"https:\/\/www.cnbb.org.br\/cnbb-app\/wp\/v2\/types\/post"}],"author":[{"embeddable":true,"href":"https:\/\/www.cnbb.org.br\/cnbb-app\/wp\/v2\/users\/83"}],"replies":[{"embeddable":true,"href":"https:\/\/www.cnbb.org.br\/cnbb-app\/wp\/v2\/comments?post=23716"}],"version-history":[{"count":0,"href":"https:\/\/www.cnbb.org.br\/cnbb-app\/wp\/v2\/posts\/23716\/revisions"}],"wp:featuredmedia":[{"embeddable":true,"href":"https:\/\/www.cnbb.org.br\/cnbb-app\/wp\/v2\/media\/23717"}],"wp:attachment":[{"href":"https:\/\/www.cnbb.org.br\/cnbb-app\/wp\/v2\/media?parent=23716"}],"wp:term":[{"taxonomy":"category","embeddable":true,"href":"https:\/\/www.cnbb.org.br\/cnbb-app\/wp\/v2\/categories?post=23716"},{"taxonomy":"post_tag","embeddable":true,"href":"https:\/\/www.cnbb.org.br\/cnbb-app\/wp\/v2\/tags?post=23716"}],"curies":[{"name":"wp","href":"https:\/\/api.w.org\/{rel}","templated":true}]}}