{"id":237272,"date":"2020-04-17T14:40:14","date_gmt":"2020-04-17T17:40:14","guid":{"rendered":"https:\/\/www.cnbb.org.br\/?p=237272"},"modified":"2020-09-25T12:13:04","modified_gmt":"2020-09-25T15:13:04","slug":"hora-da-vida-live-trata-sobre-acao-do-stf-que-versa-sobre-liberacao-do-aborto-em-caso-de-zika-virus","status":"publish","type":"post","link":"https:\/\/www.cnbb.org.br\/hora-da-vida-live-trata-sobre-acao-do-stf-que-versa-sobre-liberacao-do-aborto-em-caso-de-zika-virus\/","title":{"rendered":"Hora da Vida: live trata sobre a\u00e7\u00e3o do STF que versa sobre libera\u00e7\u00e3o do aborto em caso de Zika"},"content":{"rendered":"<p style=\"text-align: justify\">O Supremo Tribunal Federal (STF) agendou para o pr\u00f3ximo dia 24 de abril o julgamento da A\u00e7\u00e3o Direta de Inconstitucionalidade \u2013 ADI 5581 -, que versa sobre a libera\u00e7\u00e3o do aborto em caso de Zika v\u00edrus. O julgamento tinha sido adiado em maio do ano passado ap\u00f3s press\u00e3o de diversos movimentos pr\u00f3-vida. A <a href=\"https:\/\/portal.stf.jus.br\/processos\/detalhe.asp?incidente=5037704#partes\" target=\"_blank\" rel=\"noopener\">vota\u00e7\u00e3o<\/a>\u00a0est\u00e1 prevista para acontecer de forma virtual.<\/p>\n<p style=\"text-align: justify\">A decis\u00e3o do STF de voltar a pautar o tema motivou a Comiss\u00e3o Episcopal Pastoral para a Vida e a Fam\u00edlia da Confer\u00eancia Nacional dos Bispos do Brasil (CNBB) a fazer uma live sobre o assunto. \u201cN\u00f3s queremos dar um sim \u00e0 vida, queremos acreditar que a vida sempre vale a pena e \u00e9 importante conversarmos sobre isso com voc\u00eas, esclarecermos do que se trata essa ADI 5581\u201d, afirmou dom Ricardo Hoepers, presidente da Comiss\u00e3o para a Vida e a Fam\u00edlia da CNBB.<\/p>\n<p style=\"text-align: justify\">Al\u00e9m de dom Ricardo, a live contar\u00e1 com a participa\u00e7\u00e3o da doutora em microbiologia, professora e presidente do Movimento Brasil sem Aborto, Lenise Garcia, e do doutor em ginecologia e mestre em Sa\u00fade P\u00fablica, Raphael C\u00e2mara. A live com o tema \u201cAborto em infectadas com Zika v\u00edrus: saiba mais sobre a ADI 5581\u201d ser\u00e1 transmitida no facebook oficial da CNBB e no da Pastoral Familiar, no domingo, \u00e0s 21h.<\/p>\n<p>Participe!<\/p>\n<p>facebook.com\/PastoralFamiliarCNBB<br \/>\nfacebook.com\/cnbbnacional<\/p>\n<div class=\"ast-oembed-container\" style=\"height: 100%;\"><iframe loading=\"lazy\" title=\"Dom Ricardo Hoepers convida para Live sobre a ADI 5581\" width=\"500\" height=\"281\" src=\"https:\/\/www.youtube.com\/embed\/em7XKVk6yLw?feature=oembed\" frameborder=\"0\" allow=\"accelerometer; autoplay; clipboard-write; encrypted-media; gyroscope; picture-in-picture\" allowfullscreen><\/iframe><\/div>\n<p><strong>\u00a0<\/strong><\/p>\n<p>&nbsp;    \t<\/p>\n","protected":false},"excerpt":{"rendered":"<p>A decis\u00e3o do STF de voltar a pautar o tema motivou a Comiss\u00e3o para a Vida e a Fam\u00edlia da CNBB a fazer uma live sobre o assunto<\/p>\n","protected":false},"author":83,"featured_media":237278,"comment_status":"closed","ping_status":"open","sticky":false,"template":"","format":"standard","meta":{"site-sidebar-layout":"default","site-content-layout":"default","ast-global-header-display":"","ast-banner-title-visibility":"","ast-main-header-display":"","ast-hfb-above-header-display":"","ast-hfb-below-header-display":"","ast-hfb-mobile-header-display":"","site-post-title":"","ast-breadcrumbs-content":"","ast-featured-img":"","footer-sml-layout":"","theme-transparent-header-meta":"","adv-header-id-meta":"","stick-header-meta":"","header-above-stick-meta":"","header-main-stick-meta":"","header-below-stick-meta":""},"categories":[806],"tags":[2480,1931,2137],"acf":[],"_links":{"self":[{"href":"https:\/\/www.cnbb.org.br\/cnbb-app\/wp\/v2\/posts\/237272"}],"collection":[{"href":"https:\/\/www.cnbb.org.br\/cnbb-app\/wp\/v2\/posts"}],"about":[{"href":"https:\/\/www.cnbb.org.br\/cnbb-app\/wp\/v2\/types\/post"}],"author":[{"embeddable":true,"href":"https:\/\/www.cnbb.org.br\/cnbb-app\/wp\/v2\/users\/83"}],"replies":[{"embeddable":true,"href":"https:\/\/www.cnbb.org.br\/cnbb-app\/wp\/v2\/comments?post=237272"}],"version-history":[{"count":0,"href":"https:\/\/www.cnbb.org.br\/cnbb-app\/wp\/v2\/posts\/237272\/revisions"}],"wp:featuredmedia":[{"embeddable":true,"href":"https:\/\/www.cnbb.org.br\/cnbb-app\/wp\/v2\/media\/237278"}],"wp:attachment":[{"href":"https:\/\/www.cnbb.org.br\/cnbb-app\/wp\/v2\/media?parent=237272"}],"wp:term":[{"taxonomy":"category","embeddable":true,"href":"https:\/\/www.cnbb.org.br\/cnbb-app\/wp\/v2\/categories?post=237272"},{"taxonomy":"post_tag","embeddable":true,"href":"https:\/\/www.cnbb.org.br\/cnbb-app\/wp\/v2\/tags?post=237272"}],"curies":[{"name":"wp","href":"https:\/\/api.w.org\/{rel}","templated":true}]}}