{"id":237352,"date":"2020-04-20T09:39:52","date_gmt":"2020-04-20T12:39:52","guid":{"rendered":"https:\/\/www.cnbb.org.br\/?p=237352"},"modified":"2020-09-08T14:09:47","modified_gmt":"2020-09-08T17:09:47","slug":"o-bom-pastor-e-os-seminaristas","status":"publish","type":"post","link":"https:\/\/www.cnbb.org.br\/o-bom-pastor-e-os-seminaristas\/","title":{"rendered":"O bom pastor e os seminaristas"},"content":{"rendered":"<p style=\"text-align: right\"><strong><em>Dom Pedro Brito Guimar\u00e3es<br \/>\n<\/em><\/strong><strong><em>Arcebispo de Palmas (TO)<\/em><\/strong><\/p>\n<p style=\"text-align: justify\">\n<p style=\"text-align: justify\">Ontem, bem cedinho, depois de muitos dias, talvez por causa da Semana Santa e do isolamento s\u00f3cioeclesial, decorrente do covid-19, um parceiro meu, de belas can\u00e7\u00f5es, padre Wallison Rodrigues, mandou-me uma mensagem no <em>WhatsApp<\/em>. Inicialmente, falou-me de um trabalho que estamos fazendo juntos. Em seguida, falou-me da estranheza da Semana Santa, de portas fechadas e sem povo, da falta de calor, de sabor e de luminosidade&#8230; E, enfim, no \u00e1udio seguinte, depois de um breve respiro ou suspiro, disse-me, mais ou menos, assim: <em>\u201cEu estava pensando, entre uma coisa e outra, a gente poderia pensar em um canto para os nossos seminaristas (&#8230;) Ningu\u00e9m tem voca\u00e7\u00e3o para ser seminarista. Um hino vocacional que abra\u00e7asse aquelas etapas da vida daqueles rapazes&#8230;\u201d <\/em>Foi a gota d\u2019\u00e1gua que faltava para aflorar e despertar em mim aquela velha veia po\u00e9tica, um pouco adormecida, por conta tamb\u00e9m do isolamento que estamos vivendo.<\/p>\n<p style=\"text-align: justify\">Em seguida, fui celebrar a missa no nosso Semin\u00e1rio Proped\u00eautico, onde residem atualmente sete seminaristas que, com \u00eaxito e galhardia, atravessaram este tempo de confinamento. Pensei em todos os outros seminaristas que interromperam o tempo de forma\u00e7\u00e3o e est\u00e3o isolados, como eu, mas sem a maturidade e a experi\u00eancia de vida, suficientes para entender o que est\u00e1 se passando no mundo.<\/p>\n<p style=\"text-align: justify\">Pensei no jovem Samuel. E pensei at\u00e9 no jovem Davi, com a funda apontada para Golias. Uma baladeira na minha m\u00e3o, pode n\u00e3o fazer nenhuma diferen\u00e7a, mas na sua m\u00e3o, abateu o gigante. Tive, finalmente, diante dos meus olhos &#8211; n\u00e3o sei o porqu\u00ea -, o famoso conto de Hermann Hesse, <em>\u201cSonho de uma Flauta\u201d<\/em>, e o <em>Salmo do Bom Pastor (Sl 22),<\/em> em cujo cabe\u00e7alho est\u00e1 escrito: <em>\u201cO Cordeiro ser\u00e1 o seu pastor e os conduzir\u00e1 \u00e0s fontes da \u00e1gua da vida\u201d<\/em> (Ap 7,17). Aparentemente, uma coisa n\u00e3o tem nada a ver com a outra. Mas, na m\u00e3o de um sedento poeta (que n\u00e3o \u00e9 o meu caso), tudo tem muito a ver.<\/p>\n<p style=\"text-align: justify\">Pensei em compor este canto para os seminaristas confinados. Ainda n\u00e3o terminei. E, pelo andar da carruagem, acho que vai demorar ainda um pouco de tempo. Nem me arrisco a dizer mais nada do que isto&#8230;<\/p>\n<p style=\"text-align: justify\">Antes, por\u00e9m, queria dizer a todos os seminaristas do mundo (ousadia demais!) que esta certamente dever\u00e1 ser uma das primeiras batalhas a ser vencida. Depois vir\u00e3o outras. Batalhas estas que n\u00e3o ser\u00e3o vencidas com ret\u00f3ricas e ideologias, nem com a \u201cfor\u00e7a de cavalo\u201d e nem com voluntarismo. O discernimento ser\u00e1 uma arma poderosa a nosso favor. E talvez nem somente com ora\u00e7\u00f5es, caso n\u00e3o tivermos outras atitudes: <em>\u201ceste tipo de dem\u00f4nio n\u00e3o se expulsa a n\u00e3o ser com ora\u00e7\u00e3o e jejum\u201d <\/em>(Mc 9,29).<\/p>\n<p style=\"text-align: justify\">Este tempo n\u00e3o \u00e9 um tempo ocioso. Ali\u00e1s, h\u00e1 um padre da Igreja que afirmou que um pouco de \u00f3cio faz at\u00e9 bem a gente. Antes de mais nada, come\u00e7o meus aconselhamentos a voc\u00eas, seminaristas, recordando a trilogia, da qual gosto muito, que se tornou dois livros do meu amigo, padre Wellistony Carvalho Viana, Diretor Espiritual do Pontif\u00edcio Col\u00e9gio Brasileiro, em Roma. A primeira \u00e9 do escritor latino, Pl\u00ednio, o Velho: <em>\u201cnem um dia sem palavras\u201d <\/em>(<em>nulla dies sine linea<\/em>). E, inspirado nela, o autor elaborou mais duas fases lapidares: <em>\u201cnenhum dia sem ora\u00e7\u00e3o-medita\u00e7\u00e3o pessoal\u201d<\/em> (<em>nulla dies sine meditatione<\/em>) e <em>\u201cnenhum dia sem um gesto de caridade\u201d<\/em> (<em>nulla dies sine caritate<\/em>). Palavra-medita\u00e7\u00e3o)ora\u00e7\u00e3o)-caridade, um santo rem\u00e9dio, para curar as nossas feridas, em tempo de pandemia. A primeira, ajuda a alongar o c\u00e9rebro; a segunda ajuda \u00e0 pr\u00e1tica da ora\u00e7\u00e3o mental; e a terceira ajuda \u00e0 pr\u00e1tica do amor social. Boas leituras, momentos fortes de ora\u00e7\u00e3o e quaisquer trabalhos volunt\u00e1rios. Ofere\u00e7am o que voc\u00eas t\u00eam de melhor ou sabem fazer \u00e0s suas Igrejas. Perguntem: <em>em que podemos ajudar?<\/em> Voc\u00eas sabem usar as redes sociais mais do que n\u00f3s? Nos ensinem! Sabem rezar melhor e mais do que n\u00f3s? Rezem com e por n\u00f3s! T\u00eam suficiente tempo para leituras? Leiam os nossos escritos! Gostam de visualizar e de postar mat\u00e9rias nas redes sociais? Vejam aquelas mais edificantes e formativas! Receberam tarefas dos professores, dos formadores e dos bispos? Cumpram-nas fielmente! Amam a miss\u00e3o? Ajoelhem-se! Gostam de palavras cruzadas? Joguem-nas! \u00c9 um bom passatempo, al\u00e9m de cultural. E n\u00e3o se esque\u00e7am de exerc\u00edcios f\u00edsicos para descongestionar o corpo e descansar a mente. Dizia um amigo meu: <em>\u201ctenha medo de cr\u00edtica de mente cansada\u201d<\/em>. Por fim, n\u00e3o deixem cair os sistemas imunol\u00f3gicos. Quaisquer doen\u00e7as podem ser fatais.<\/p>\n<p style=\"text-align: justify\">Nestes tempos dif\u00edceis, \u00e9 importante lembrar que Deus nunca permite um mal sem poder tirar dele um bem maior. Qual ser\u00e1 o bem que podemos tirar desta pandemia? Pensem nisto, em n\u00edveis pessoal e planet\u00e1rio. Como seria belo se a humanidade aprendesse que estamos num mesmo jardim, somos uma mesma fam\u00edlia, uma mesma esp\u00e9cie amea\u00e7ada por um \u00ednfimo inimigo comum. Sim, n\u00f3s n\u00e3o somos o inimigo, nem o migrante, nem o s\u00edrio, nem o palestino, nem o judeu, nem o ateu, nem o mu\u00e7ulmano, nem o negro, o \u00edndio e o branco, nem o partido de direita ou aquele de esquerda. Estamos todos no mesmo barco, chamado Planeta Terra e pertencemos \u00e0 mesma ra\u00e7a humana. E como tudo isto vale tamb\u00e9m para o nosso querido Brasil! Nesse tempo, seria bom pensar sobre o que nos une e n\u00e3o alimentar aquilo que nos divide. Se vamos aprender esta li\u00e7\u00e3o ou n\u00e3o, vai depender de cada e de todos. Uma coisa \u00e9 certa: n\u00f3s, como Igreja, temos um papel fundamental para ajudar nosso povo a encontrar o caminho da unidade, que come\u00e7a sempre por n\u00f3s mesmos. Quem, sen\u00e3o o Pastor do rebanho, poder\u00e1 reunir suas ovelhas num mesmo aprisco? Lembrem-se, pois: voc\u00eas ser\u00e3o os futuros pastores deste povo disperso!<\/p>\n<p style=\"text-align: justify\">\u00c9 oportuno tamb\u00e9m aqui registrar a frase, retirada da can\u00e7\u00e3o \u201cAmor de \u00cdndio\u201d, de Beto Guedes e Ronaldo Bastos: <em>\u201cabelha fazendo mel vale o tempo que n\u00e3o voou\u201d.<\/em> Vamos ent\u00e3o produzir bons m\u00e9is nos nossos confinamentos para ado\u00e7ar e salvar vida, pois, mais vale um seminarista, qual abelha fazendo mel, do que mil agitados e estressados.<\/p>\n<p style=\"text-align: justify\">Aproveito a oportunidade para recordar que quando o Papa Francisco disse que <em>\u201ctudo est\u00e1 interligado\u201d<\/em> (LS 16), para o bem e para o mal, muitos retorceram os pesco\u00e7os e menearam as cabe\u00e7as. O que est\u00e1 acontecendo com a nossa casa comum? Mexeu com um, mexeu com todos. N\u00e3o est\u00e1 na hora de a Ecologia Integral fazer parte do curr\u00edculo dos estudos seminar\u00edsticos?<\/p>\n<p style=\"text-align: justify\">E, por fim, n\u00e3o tenham medo da solid\u00e3o e do sil\u00eancio. A solid\u00e3o e o sil\u00eancio, se verdadeiros, fazem muito mais bem do que mal. N\u00e3o esque\u00e7am que amamos voc\u00eas, de cora\u00e7\u00e3o de todo o cora\u00e7\u00e3o. E que a Igreja caminhar\u00e1 com os p\u00e9s de voc\u00eas, num futuro muito breve.<\/p>\n","protected":false},"excerpt":{"rendered":"<p>Dom Pedro Brito Guimar\u00e3es Arcebispo de Palmas (TO) Ontem, bem cedinho, depois de muitos dias, talvez por causa da Semana Santa e do isolamento s\u00f3cioeclesial, decorrente do covid-19, um parceiro meu, de belas can\u00e7\u00f5es, padre Wallison Rodrigues, mandou-me uma mensagem no WhatsApp. Inicialmente, falou-me de um trabalho que estamos fazendo juntos. Em seguida, falou-me da &hellip;<\/p>\n<p class=\"read-more\"> <a class=\"\" href=\"https:\/\/www.cnbb.org.br\/o-bom-pastor-e-os-seminaristas\/\"> <span class=\"screen-reader-text\">O bom pastor e os seminaristas<\/span> Leia mais &raquo;<\/a><\/p>\n","protected":false},"author":39,"featured_media":0,"comment_status":"closed","ping_status":"open","sticky":false,"template":"","format":"standard","meta":{"site-sidebar-layout":"default","site-content-layout":"default","ast-global-header-display":"","ast-banner-title-visibility":"","ast-main-header-display":"","ast-hfb-above-header-display":"","ast-hfb-below-header-display":"","ast-hfb-mobile-header-display":"","site-post-title":"","ast-breadcrumbs-content":"","ast-featured-img":"","footer-sml-layout":"","theme-transparent-header-meta":"","adv-header-id-meta":"","stick-header-meta":"","header-above-stick-meta":"","header-main-stick-meta":"","header-below-stick-meta":""},"categories":[758],"tags":[],"acf":[],"_links":{"self":[{"href":"https:\/\/www.cnbb.org.br\/cnbb-app\/wp\/v2\/posts\/237352"}],"collection":[{"href":"https:\/\/www.cnbb.org.br\/cnbb-app\/wp\/v2\/posts"}],"about":[{"href":"https:\/\/www.cnbb.org.br\/cnbb-app\/wp\/v2\/types\/post"}],"author":[{"embeddable":true,"href":"https:\/\/www.cnbb.org.br\/cnbb-app\/wp\/v2\/users\/39"}],"replies":[{"embeddable":true,"href":"https:\/\/www.cnbb.org.br\/cnbb-app\/wp\/v2\/comments?post=237352"}],"version-history":[{"count":0,"href":"https:\/\/www.cnbb.org.br\/cnbb-app\/wp\/v2\/posts\/237352\/revisions"}],"wp:attachment":[{"href":"https:\/\/www.cnbb.org.br\/cnbb-app\/wp\/v2\/media?parent=237352"}],"wp:term":[{"taxonomy":"category","embeddable":true,"href":"https:\/\/www.cnbb.org.br\/cnbb-app\/wp\/v2\/categories?post=237352"},{"taxonomy":"post_tag","embeddable":true,"href":"https:\/\/www.cnbb.org.br\/cnbb-app\/wp\/v2\/tags?post=237352"}],"curies":[{"name":"wp","href":"https:\/\/api.w.org\/{rel}","templated":true}]}}