{"id":23767,"date":"2011-06-22T00:00:00","date_gmt":"2011-06-22T03:00:00","guid":{"rendered":"https:\/\/www.cnbb.org.br\/diocese-de-viana-inaugura-seu-site\/"},"modified":"2011-06-22T00:00:00","modified_gmt":"2011-06-22T03:00:00","slug":"diocese-de-viana-inaugura-seu-site","status":"publish","type":"post","link":"https:\/\/www.cnbb.org.br\/diocese-de-viana-inaugura-seu-site\/","title":{"rendered":"Diocese de Viana inaugura seu site"},"content":{"rendered":"<p>&nbsp;<\/p>\n<p style=\"text-align: justify\">Mais uma diocese no Brasil entra no mundo digital e inaugura seu site oficial. Agora foi a vez da diocese de Viana (MA) lan\u00e7ar o seu, no \u00faltimo dia 30 de mar\u00e7o, dia da Festa de Pentecostes.<\/p>\n<p><!--more--><\/p>\n<p style=\"text-align: justify\">Segundo o bispo diocesano, dom Sebasti\u00e3o Lima Duarte o site representa um sinal da comunh\u00e3o entre os fieis diocesanos e o ardor da a\u00e7\u00e3o evangelizadora. \u201cN\u00e3o posso negar a alegria que sinto em ver as id\u00e9ias se transformarem em realidade e ao mesmo tempo ver as possibilidades que surgem para comunicar, informar e relacionar-se numa rede de comunh\u00e3o e participa\u00e7\u00e3o\u201d, disse.<\/p>\n<p style=\"text-align: justify\">O bispo explicou como foi o processo de cria\u00e7\u00e3o do site. \u201cNo in\u00edcio pensamos num instrumento que facilitasse a socializa\u00e7\u00e3o das informa\u00e7\u00f5es, atividades pastorais, um Jornal. Mas ganhou for\u00e7a o uso das redes de computadores para alcan\u00e7armos nossos objetivos, pois \u2018h\u00e1 que reconhecer hoje um papel crescente \u00e0 internet, que constitui um novo f\u00f3rum onde fazer ressoar o Evangelho, na certeza, por\u00e9m, de que o mundo virtual nunca poder\u00e1 substituir o mundo real e que a evangeliza\u00e7\u00e3o s\u00f3 poder\u00e1 usufruir da virtualidade oferecida pelos novos meio de comunica\u00e7\u00e3o para instaurar rela\u00e7\u00f5es significativas, se chegar ao encontro pessoal que permane\u00e7a insubstitu\u00edvel\u2019. (Verbum Domini, 113)\u201d, ressaltou dom Sebasti\u00e3o.<\/p>\n<p style=\"text-align: justify\">O endere\u00e7o do site da diocese de Viana \u00e9 <a href=\"http:\/\/www.diocesedeviana.org.br\" target=\"_blank\" rel=\"noopener\">www.diocesedeviana.org.br<\/a>.<\/p>\n","protected":false},"excerpt":{"rendered":"<p>&nbsp; Mais uma diocese no Brasil entra no mundo digital e inaugura seu site oficial. Agora foi a vez da diocese de Viana (MA) lan\u00e7ar o seu, no \u00faltimo dia 30 de mar\u00e7o, dia da Festa de Pentecostes.<\/p>\n","protected":false},"author":83,"featured_media":23768,"comment_status":"open","ping_status":"open","sticky":false,"template":"","format":"standard","meta":{"site-sidebar-layout":"default","site-content-layout":"default","ast-global-header-display":"","ast-banner-title-visibility":"","ast-main-header-display":"","ast-hfb-above-header-display":"","ast-hfb-below-header-display":"","ast-hfb-mobile-header-display":"","site-post-title":"","ast-breadcrumbs-content":"","ast-featured-img":"","footer-sml-layout":"","theme-transparent-header-meta":"","adv-header-id-meta":"","stick-header-meta":"","header-above-stick-meta":"","header-main-stick-meta":"","header-below-stick-meta":""},"categories":[821,769],"tags":[],"acf":[],"_links":{"self":[{"href":"https:\/\/www.cnbb.org.br\/cnbb-app\/wp\/v2\/posts\/23767"}],"collection":[{"href":"https:\/\/www.cnbb.org.br\/cnbb-app\/wp\/v2\/posts"}],"about":[{"href":"https:\/\/www.cnbb.org.br\/cnbb-app\/wp\/v2\/types\/post"}],"author":[{"embeddable":true,"href":"https:\/\/www.cnbb.org.br\/cnbb-app\/wp\/v2\/users\/83"}],"replies":[{"embeddable":true,"href":"https:\/\/www.cnbb.org.br\/cnbb-app\/wp\/v2\/comments?post=23767"}],"version-history":[{"count":0,"href":"https:\/\/www.cnbb.org.br\/cnbb-app\/wp\/v2\/posts\/23767\/revisions"}],"wp:featuredmedia":[{"embeddable":true,"href":"https:\/\/www.cnbb.org.br\/cnbb-app\/wp\/v2\/media\/23768"}],"wp:attachment":[{"href":"https:\/\/www.cnbb.org.br\/cnbb-app\/wp\/v2\/media?parent=23767"}],"wp:term":[{"taxonomy":"category","embeddable":true,"href":"https:\/\/www.cnbb.org.br\/cnbb-app\/wp\/v2\/categories?post=23767"},{"taxonomy":"post_tag","embeddable":true,"href":"https:\/\/www.cnbb.org.br\/cnbb-app\/wp\/v2\/tags?post=23767"}],"curies":[{"name":"wp","href":"https:\/\/api.w.org\/{rel}","templated":true}]}}