{"id":238089,"date":"2020-05-02T19:00:53","date_gmt":"2020-05-02T22:00:53","guid":{"rendered":"http:\/\/www.cnbb.org.br\/?p=238089"},"modified":"2020-09-08T14:09:28","modified_gmt":"2020-09-08T17:09:28","slug":"rezar-o-terco-em-familia","status":"publish","type":"post","link":"https:\/\/www.cnbb.org.br\/rezar-o-terco-em-familia\/","title":{"rendered":"Rezar o ter\u00e7o em fam\u00edlia!"},"content":{"rendered":"<p style=\"text-align: right\">Dom Eurico dos Santos Veloso<br \/>\nArcebispo Em\u00e9rito de Juiz de Fora (MG)<\/p>\n<p style=\"text-align: justify\">O m\u00eas de maio na Igreja \u00e9 o M\u00eas Mariano. Na minha casa, no seio do amor matrimonial de meus pais, aprendi desde a tenra idade a rezar o ter\u00e7o em fam\u00edlia. O Papa Francisco, em feliz iniciativa, em tempos de pandemia do COVID 19, chama a todo o mundo cat\u00f3lico a dedicar mais a Nossa Senhora, seja pela ora\u00e7\u00e3o do Santo Ter\u00e7o ou outras ora\u00e7\u00f5es marianas ao longo do dia. Rezar o ter\u00e7o \u00e9 muito importante para o cat\u00f3lico pois nos aproxima de nossa M\u00e3e do C\u00e9u, a ora\u00e7\u00e3o do ter\u00e7o nos acalma, cessa conflitos, traz paz para as fam\u00edlias e nos santifica. Agora durante esse m\u00eas de maio podemos ver um hor\u00e1rio especial para podermos rezar o ter\u00e7o em fam\u00edlia para que toda a fam\u00edlia possa estar na presen\u00e7a de Deus e sentindo o calor de Nossa Senhora.<\/p>\n<p style=\"text-align: justify\">Na Igreja existem grupos que se re\u00fanem para rezar o Ter\u00e7o, grupo do ter\u00e7o dos homens, ter\u00e7o das mulheres, apostolado da ora\u00e7\u00e3o e grupos de ora\u00e7\u00e3o que iniciam seus encontros rezando o ter\u00e7o. Grupos que se re\u00fanem para rezar as mil ave marias colocando como inten\u00e7\u00e3o a Santifica\u00e7\u00e3o do Clero e paz no mundo. \u00c9 claro que durante esse tempo de Pandemia n\u00e3o podemos estar fisicamente na Igreja para rezar, mas podemos rezar atrav\u00e9s das m\u00eddias cat\u00f3licas como a Tv, r\u00e1dio e internet. Estamos agora nas \u201condas das lives\u201d podemos fazer uma \u201clive\u201d com amigos ou fam\u00edlia rezando o \u201cSanto Ter\u00e7o\u201d. E \u00e9 claro quando acabar a pandemia nos reunirmos novamente na igreja para rezarmos juntos o ter\u00e7o.<\/p>\n<p style=\"text-align: justify\">No in\u00edcio do ter\u00e7o podemos apresentar as nossas inten\u00e7\u00f5es para aquele momento de ora\u00e7\u00e3o, podemos pedir pela santifica\u00e7\u00e3o do clero, pelo Papa, pelo Bispo, pela santifica\u00e7\u00e3o das fam\u00edlias e pela paz no mundo. Podemos pedir de maneira especial nesse per\u00edodo que Nossa Senhora nos livre dessa pandemia que estamos enfrentando, que ela passe na frente dos m\u00e9dicos e enfermeiros e possamos achar a cura para essa doen\u00e7a e logo podemos voltar a nossa vida normal.<\/p>\n<p style=\"text-align: justify\">Nossa Senhora j\u00e1 ajudou a cessar muitas guerras e conflitos trazendo a paz e a superar muitas pestes e pandemias, como a gripe espanhola no s\u00e9culo XVIII e com certeza pedindo com f\u00e9 ela nos ajudar\u00e1 nesse momento que estamos enfrentando.<\/p>\n<p style=\"text-align: justify\">Assim como a Missa \u00e9 uma a\u00e7\u00e3o de Gra\u00e7as a Deus pelos benef\u00edcios que ele nos concede todos os dias, a Ora\u00e7\u00e3o do ter\u00e7o tamb\u00e9m \u00e9 uma grande<\/p>\n<p style=\"text-align: justify\">a\u00e7\u00e3o de gra\u00e7as que podemos oferecer a Nossa Senhora, agradecendo a ela as gra\u00e7as que recebemos todos os dias atrav\u00e9s da ora\u00e7\u00e3o do ter\u00e7o. Ao rezar \u00e9 o ter\u00e7o, recitando as ave-marias \u00e9 como se estiv\u00e9ssemos oferecendo \u201crosas\u201d a Nossa Senhora, rosas de amor e de f\u00e9. Maria nos leva at\u00e9 Jesus, \u00e9 a nossa intercessora por n\u00f3s junto ao Pai.<\/p>\n<p style=\"text-align: justify\">A reza do ter\u00e7o inclusive \u00e9 um pedido de Nossa Senhora a n\u00f3s, numa de suas apari\u00e7\u00f5es em F\u00e1tima ela transmite aos Pastorinhos e estende ao mundo inteiro pedindo para que rezem o ter\u00e7o para alcan\u00e7ar a paz. Ela nos prometeu a paz e muitas outras gra\u00e7as mediante esta ora\u00e7\u00e3o, feita com o cora\u00e7\u00e3o. Nos dias atuais, o seu pedido continua veemente, visto que a situa\u00e7\u00e3o do g\u00eanero humano \u00e9 censur\u00e1vel, devido ao afastamento de Deus e, consequentemente, do abandono dos valores morais.<\/p>\n<p style=\"text-align: justify\">A Ora\u00e7\u00e3o do Ter\u00e7o \u00e9 tamb\u00e9m um meio pelo qual podemos aprofundar o nosso relacionamento filial com a Santa M\u00e3e de Deus. Ao rezarmos cotidianamente, vamos estreitando os la\u00e7os de amor e amizade com a Sant\u00edssima Virgem, Ela que \u00e9 portadora da Miseric\u00f3rdia Divina e medianeira de todas as gra\u00e7as que Nosso Senhor Jesus Cristo tem reservado para n\u00f3s.<\/p>\n<p style=\"text-align: justify\">O Papa Francisco ensina que: \u201cA ora\u00e7\u00e3o do Ter\u00e7o \u00e9 a ora\u00e7\u00e3o dos humildes e dos santos que, nos seus mist\u00e9rios, com Maria contemplam a vida de Jesus, rosto misericordioso do Pai. E quanta necessidade todos temos de ser realmente consolados, de nos sentir envolvidos pela sua presen\u00e7a de amor!\u201d https:\/\/www.vaticannews.va\/pt\/papa\/news\/2020-03\/papa-francisco-videomensagem-oracao-terco-italia-coronavirus.html, \u00faltimo acesso em 30 de abril de 2020)<\/p>\n<p style=\"text-align: justify\">Por isso neste m\u00eas de maio o Papa Francisco convoca todos os cat\u00f3licos para rezar o ter\u00e7o em fam\u00edlia ou individualmente pelo fim da pandemia e pela vacina para combater o COVID 19: \u201cQueridos irm\u00e3os e irm\u00e3s, contemplar juntos a face de Cristo com o cora\u00e7\u00e3o de Maria, nossa M\u00e3e, nos tornar\u00e1 ainda mais unidos como fam\u00edlia espiritual e nos ajudar\u00e1 a superar esta prova\u00e7\u00e3o. Eu rezarei por voc\u00eas, especialmente pelos mais sofredores, e voc\u00eas, por favor, rezem por mim. Eu lhes agrade\u00e7o e os aben\u00e7oo de cora\u00e7\u00e3o.\u201d (https:\/\/www.vaticannews.va\/pt\/papa\/news\/2020-04\/papa-francisco-intensificar-terco-maio-duas-oracoes.html, \u00faltimo acesso em 30 de abril de 2020)<\/p>\n<p style=\"text-align: justify\">\u00c9 bom recordarmos que existe o Instituto \u201cMater Christi\u201d, do qual h\u00e1 50 anos sou seu Diretor e Presidente, desde 1954, at\u00e9 a presente data, tem como COMPROMISSO assumido solenemente pelos seus membros, de<\/p>\n<p style=\"text-align: justify\">REZAR di\u00e1ria e continuamente, pela Santifica\u00e7\u00e3o dos Sacerdotes e pelas Voca\u00e7\u00f5es Sacerdotais.<\/p>\n<p style=\"text-align: justify\">Portanto meus irm\u00e3os, aproveitemos esse m\u00eas de maio para juntos em fam\u00edlia resgatar essa ora\u00e7\u00e3o muito bonita e significante para n\u00f3s que \u00e9 o Santo Ter\u00e7o, colocando as nossas inten\u00e7\u00f5es e sobretudo o fim da Pandemia.<\/p>\n<p style=\"text-align: justify\">Como \u00e9 bom rezar o ter\u00e7o em fam\u00edlia! Vamos fazer esse gesto de f\u00e9! Santa Maria, rogai por n\u00f3s que recorremos a V\u00f3s!<\/p>\n","protected":false},"excerpt":{"rendered":"<p>Dom Eurico dos Santos Veloso Arcebispo Em\u00e9rito de Juiz de Fora (MG) O m\u00eas de maio na Igreja \u00e9 o M\u00eas Mariano. Na minha casa, no seio do amor matrimonial de meus pais, aprendi desde a tenra idade a rezar o ter\u00e7o em fam\u00edlia. O Papa Francisco, em feliz iniciativa, em tempos de pandemia do &hellip;<\/p>\n<p class=\"read-more\"> <a class=\"\" href=\"https:\/\/www.cnbb.org.br\/rezar-o-terco-em-familia\/\"> <span class=\"screen-reader-text\">Rezar o ter\u00e7o em fam\u00edlia!<\/span> Leia mais &raquo;<\/a><\/p>\n","protected":false},"author":73,"featured_media":0,"comment_status":"closed","ping_status":"open","sticky":false,"template":"","format":"standard","meta":{"site-sidebar-layout":"default","site-content-layout":"default","ast-global-header-display":"","ast-banner-title-visibility":"","ast-main-header-display":"","ast-hfb-above-header-display":"","ast-hfb-below-header-display":"","ast-hfb-mobile-header-display":"","site-post-title":"","ast-breadcrumbs-content":"","ast-featured-img":"","footer-sml-layout":"","theme-transparent-header-meta":"","adv-header-id-meta":"","stick-header-meta":"","header-above-stick-meta":"","header-main-stick-meta":"","header-below-stick-meta":""},"categories":[758],"tags":[],"acf":[],"_links":{"self":[{"href":"https:\/\/www.cnbb.org.br\/cnbb-app\/wp\/v2\/posts\/238089"}],"collection":[{"href":"https:\/\/www.cnbb.org.br\/cnbb-app\/wp\/v2\/posts"}],"about":[{"href":"https:\/\/www.cnbb.org.br\/cnbb-app\/wp\/v2\/types\/post"}],"author":[{"embeddable":true,"href":"https:\/\/www.cnbb.org.br\/cnbb-app\/wp\/v2\/users\/73"}],"replies":[{"embeddable":true,"href":"https:\/\/www.cnbb.org.br\/cnbb-app\/wp\/v2\/comments?post=238089"}],"version-history":[{"count":0,"href":"https:\/\/www.cnbb.org.br\/cnbb-app\/wp\/v2\/posts\/238089\/revisions"}],"wp:attachment":[{"href":"https:\/\/www.cnbb.org.br\/cnbb-app\/wp\/v2\/media?parent=238089"}],"wp:term":[{"taxonomy":"category","embeddable":true,"href":"https:\/\/www.cnbb.org.br\/cnbb-app\/wp\/v2\/categories?post=238089"},{"taxonomy":"post_tag","embeddable":true,"href":"https:\/\/www.cnbb.org.br\/cnbb-app\/wp\/v2\/tags?post=238089"}],"curies":[{"name":"wp","href":"https:\/\/api.w.org\/{rel}","templated":true}]}}