{"id":238095,"date":"2020-05-02T19:16:55","date_gmt":"2020-05-02T22:16:55","guid":{"rendered":"http:\/\/www.cnbb.org.br\/?p=238095"},"modified":"2020-09-08T14:09:27","modified_gmt":"2020-09-08T17:09:27","slug":"selo-de-solidariedade","status":"publish","type":"post","link":"https:\/\/www.cnbb.org.br\/selo-de-solidariedade\/","title":{"rendered":"Selo de solidariedade"},"content":{"rendered":"<p style=\"text-align: right\"><strong>Dom Walmor Oliveira de Azevedo<\/strong><br \/>\n<strong>Arcebispo metropolitano de Belo Horizonte<\/strong><br \/>\n<strong>Presidente da Confer\u00eancia Nacional dos Bispos do Brasil (CNBB)<\/strong><\/p>\n<p style=\"text-align: justify\">Solidariedade \u00e9 o qualificado selo de autenticidade da cidadania, \u00e9 o olhar humano nobre, dirigido ao pobre e ao vulner\u00e1vel, que inspira a compaix\u00e3o, alicer\u00e7ando gestos de partilha capazes de renovar esperan\u00e7as. Dos crist\u00e3os, a solidariedade \u00e9 selo de autenticidade da f\u00e9. Muitos se dizem religiosos, se inscrevem em diferentes confiss\u00f5es, mas, somente quem \u00e9 solid\u00e1rio vivencia, genuinamente, o Cristianismo. O ensino do Novo Testamento, com ra\u00edzes profundas na tradi\u00e7\u00e3o judaica do Antigo Testamento, interpela cada pessoa que se prop\u00f5e a seguir Jesus com a exig\u00eancia da solidariedade.<\/p>\n<p style=\"text-align: justify\">Jesus Cristo \u00e9 o Deus da solidariedade, o filho do Pai solid\u00e1rio com a humanidade sofredora e submersa na condena\u00e7\u00e3o do pecado. O cora\u00e7\u00e3o que se abre \u00e0 a\u00e7\u00e3o do Esp\u00edrito Santo, \u00e0 Trindade, \u00e9 inspirado a agir de forma sempre solid\u00e1ria, com palavras que consolam, a partir de gestos corajosos e considerando que o outro, o irm\u00e3o, \u00e9 sempre mais importante \u2013 um princ\u00edpio da moralidade crist\u00e3. N\u00e3o h\u00e1, pois, outro caminho para a civiliza\u00e7\u00e3o contempor\u00e2nea. A \u00fanica via poss\u00edvel \u00e9 a da solidariedade. Se n\u00e3o for trilhada, a humanidade continuar\u00e1 a ser atormentada, de modo devastador, por pandemias. No sofrimento, perceber\u00e1 que n\u00e3o adianta acumular riquezas para vencer a morte. O mal s\u00f3 se vence com a luz da efetiva solidariedade. Uma luminosidade capaz de debelar at\u00e9 mesmo a morte, conforme ensina a ressurrei\u00e7\u00e3o de Cristo.<\/p>\n<p style=\"text-align: justify\">Estranha muito, e certamente revela perversidades, escolhas equivocadas, quando alguns crist\u00e3os agem como se tivessem medo da solidariedade. Fecham-se \u00e0s a\u00e7\u00f5es solid\u00e1rias, sentem-se amea\u00e7ados nas fronteiras impostas por seus pr\u00f3prios ego\u00edsmos doentios. Passam a caluniar a solidariedade, para enfraquec\u00ea-la, valendo-se de estere\u00f3tipos obsoletos e inadequados, vinculados a ideologias pol\u00edticas sem consist\u00eancia. Assim procedendo, talvez sem perceber e sem se dar conta de que est\u00e3o se contrapondo \u00e0 solidariedade, essas pessoas habitam no terreno de outras ideologias pol\u00edticas igualmente perversas, que alimentam a indiferen\u00e7a em rela\u00e7\u00e3o aos pobres, aos trabalhadores da cidade e do campo.<\/p>\n<p style=\"text-align: justify\">A Doutrina Social da Igreja Cat\u00f3lica convoca os crist\u00e3os a se sensibilizarem diante da humanidade ferida, que n\u00e3o encontrar\u00e1 a sua cura em uma economia gananciosa. A recupera\u00e7\u00e3o somente vir\u00e1 a partir de novas configura\u00e7\u00f5es fundamentadas na solidariedade, no respeito, no amor. Mas o amor crist\u00e3o exige o compromisso de denunciar o que est\u00e1 errado e ajudar no desenvolvimento de novos projetos nos campos social, cultural e econ\u00f4mico, capazes de garantir a todos o direito e a justi\u00e7a. O ciclo novo que se espera ao final dessa pandemia do novo coronav\u00edrus necessita da inspira\u00e7\u00e3o de um humanismo integral e solid\u00e1rio.<\/p>\n<p style=\"text-align: justify\">N\u00e3o pode prevalecer a mesquinhez nos mais diferentes grupos ou mesmo na interioridade de cada pessoa. No cora\u00e7\u00e3o humano deve habitar a voz da solidariedade,<\/p>\n<p style=\"text-align: justify\">que corrige rumos, alarga horizontes de modo iluminador, exigindo novas l\u00f3gicas e pr\u00e1ticas. O cora\u00e7\u00e3o solid\u00e1rio salva a mente de escolhas pol\u00edticas obscurecidas, enraizadas em fanatismos ou na escravid\u00e3o ao dinheiro. A oportunidade de consolidar um ciclo novo para a humanidade depende de muitos e de cada um. Precisa de l\u00facida e qualificada participa\u00e7\u00e3o, particularmente das inst\u00e2ncias governamentais, legislativas e judici\u00e1rias a servi\u00e7o do povo, do bem comum e da justi\u00e7a. Trata-se de um longo caminho de purifica\u00e7\u00e3o para vencer o ac\u00famulo de v\u00edcios e pr\u00e1ticas abomin\u00e1veis &#8211; manipula\u00e7\u00e3o, iniciativas motivadas por interesses esp\u00farios, perpetua\u00e7\u00e3o de privil\u00e9gios e submiss\u00e3o ao dinheiro, por medo ou coniv\u00eancia.<\/p>\n<p style=\"text-align: justify\">A solidariedade \u00e9 a luz que precisa revisitar mentes, cora\u00e7\u00f5es, contextos diversos, a exemplo de tribunais, mesas executivas, esferas variadas da conjuntura cidad\u00e3. Estre esses, est\u00e1 o mundo do trabalho que merece especial aten\u00e7\u00e3o. \u00c9 preciso um olhar solid\u00e1rio para reconhecer a import\u00e2ncia e, assim, respeitar trabalhadores e trabalhadoras, considerando a sacralidade de seus direitos e de sua dignidade. Neste Dia do Trabalho, importante mais uma vez retomar o que ensina a Doutrina Social da Igreja Cat\u00f3lica, para que as mudan\u00e7as em curso n\u00e3o ocorram de modo determinista. Seja a humanidade protagonista das transforma\u00e7\u00f5es almejadas e cada pessoa torne-se reconhecida como protagonista de seu trabalho. Modos mecanicistas e economicistas de ordenamento social s\u00e3o perigosos. Em vez de propostas inadequadas, pouco l\u00facidas e que desrespeitam a dignidade humana, particularmente do trabalhador, a humanidade \u00e9 convocada a priorizar o selo da solidariedade.<\/p>\n","protected":false},"excerpt":{"rendered":"<p>Dom Walmor Oliveira de Azevedo Arcebispo metropolitano de Belo Horizonte Presidente da Confer\u00eancia Nacional dos Bispos do Brasil (CNBB) Solidariedade \u00e9 o qualificado selo de autenticidade da cidadania, \u00e9 o olhar humano nobre, dirigido ao pobre e ao vulner\u00e1vel, que inspira a compaix\u00e3o, alicer\u00e7ando gestos de partilha capazes de renovar esperan\u00e7as. Dos crist\u00e3os, a solidariedade &hellip;<\/p>\n<p class=\"read-more\"> <a class=\"\" href=\"https:\/\/www.cnbb.org.br\/selo-de-solidariedade\/\"> <span class=\"screen-reader-text\">Selo de solidariedade<\/span> Leia mais &raquo;<\/a><\/p>\n","protected":false},"author":8,"featured_media":0,"comment_status":"closed","ping_status":"open","sticky":false,"template":"","format":"standard","meta":{"site-sidebar-layout":"default","site-content-layout":"default","ast-global-header-display":"","ast-banner-title-visibility":"","ast-main-header-display":"","ast-hfb-above-header-display":"","ast-hfb-below-header-display":"","ast-hfb-mobile-header-display":"","site-post-title":"","ast-breadcrumbs-content":"","ast-featured-img":"","footer-sml-layout":"","theme-transparent-header-meta":"","adv-header-id-meta":"","stick-header-meta":"","header-above-stick-meta":"","header-main-stick-meta":"","header-below-stick-meta":""},"categories":[758],"tags":[],"acf":[],"_links":{"self":[{"href":"https:\/\/www.cnbb.org.br\/cnbb-app\/wp\/v2\/posts\/238095"}],"collection":[{"href":"https:\/\/www.cnbb.org.br\/cnbb-app\/wp\/v2\/posts"}],"about":[{"href":"https:\/\/www.cnbb.org.br\/cnbb-app\/wp\/v2\/types\/post"}],"author":[{"embeddable":true,"href":"https:\/\/www.cnbb.org.br\/cnbb-app\/wp\/v2\/users\/8"}],"replies":[{"embeddable":true,"href":"https:\/\/www.cnbb.org.br\/cnbb-app\/wp\/v2\/comments?post=238095"}],"version-history":[{"count":0,"href":"https:\/\/www.cnbb.org.br\/cnbb-app\/wp\/v2\/posts\/238095\/revisions"}],"wp:attachment":[{"href":"https:\/\/www.cnbb.org.br\/cnbb-app\/wp\/v2\/media?parent=238095"}],"wp:term":[{"taxonomy":"category","embeddable":true,"href":"https:\/\/www.cnbb.org.br\/cnbb-app\/wp\/v2\/categories?post=238095"},{"taxonomy":"post_tag","embeddable":true,"href":"https:\/\/www.cnbb.org.br\/cnbb-app\/wp\/v2\/tags?post=238095"}],"curies":[{"name":"wp","href":"https:\/\/api.w.org\/{rel}","templated":true}]}}