{"id":238100,"date":"2020-05-04T11:41:17","date_gmt":"2020-05-04T14:41:17","guid":{"rendered":"https:\/\/www.cnbb.org.br\/?p=238100"},"modified":"2020-09-25T13:19:41","modified_gmt":"2020-09-25T16:19:41","slug":"dom-edmar-peron-participa-de-live-sobre-o-tema-a-liturgia-como-elo-vital-da-igreja","status":"publish","type":"post","link":"https:\/\/www.cnbb.org.br\/dom-edmar-peron-participa-de-live-sobre-o-tema-a-liturgia-como-elo-vital-da-igreja\/","title":{"rendered":"Dom Edmar Peron participa de live sobre Liturgia"},"content":{"rendered":"<p style=\"text-align: justify\">&#8220;Liturgia como elo vital da Igreja&#8221; \u00e9 o tema que ser\u00e1 abordado pelo bispo de Paranagu\u00e1 (PR) e presidente da Comiss\u00e3o Episcopal Pastoral para a Liturgia da Confer\u00eancia Nacional dos Bispos do Brasil (CNBB), dom Edmar Peron, nesta segunda-feira, 4 de maio, \u00e0s 15h, direto do perfil da Edi\u00e7\u00f5es CNBB no Instagram. Tamb\u00e9m participar\u00e1 da transmiss\u00e3o ao vivo o assessor da Comiss\u00e3o padre Leonardo Pinheiro, que mediar\u00e1 o bate-papo formativo.<\/p>\n<p>https:\/\/www.instagram.com\/p\/B_sd5kop8wV\/?utm_source=ig_web_copy_link<\/p>\n<p style=\"text-align: justify\">A iniciativa da live \u00e9 da editora Edi\u00e7\u00f5es CNBB e pretende oferecer um aprofundamento a partir do livro &#8220;<em><a href=\"https:\/\/www.edicoescnbb.com.br\/produto\/liturgia-vida-da-igreja-71467\" target=\"_blank\" rel=\"noopener\">Liturgia, Vida da Igreja<\/a>&#8220;,\u00a0<\/em>de autoria do bispo de Livramento de Nossa Senhora (BA) e ex-presidente da Comiss\u00e3o para a Liturgia da CNBB, dom Armando Bucciol.<\/p>\n<p><img decoding=\"async\" loading=\"lazy\" class=\"alignleft\" src=\"https:\/\/edicoescnbb.fbitsstatic.net\/img\/p\/liturgia-vida-da-igreja-71467\/257963.jpg\" width=\"197\" height=\"289\" \/><\/p>\n<p style=\"text-align: justify\">&#8220;\u00c9 um livro que apresenta o vasto campo da Liturgia. Quem participar poder\u00e1 compreender v\u00e1rios elementos do mundo da Liturgia, que comp\u00f5em a Liturgia, seu sentido, como ela se expressa. E depois as perguntas que chegar\u00e3o aprofundar\u00e3o elementos de interesse dos participantes&#8221;, explica dom Edmar Peron sobre a din\u00e2mica da live, que tamb\u00e9m ter\u00e1 espa\u00e7o para participa\u00e7\u00e3o dos internautas.<\/p>\n<p style=\"text-align: justify\">Dom Peron ainda ressalta a expectativa da comiss\u00e3o de que, &#8220;por esse caminho de uma live n\u00f3s descubramos um outro modo de fazer forma\u00e7\u00e3o lit\u00fargica, quem sabe dar a conhecer pelas lives aquilo que cada comiss\u00e3o prepara, vai fazendo&#8221;. Para ele, a comiss\u00e3o poderia apresentar e conversar com agentes de pastoral sobre projetos das outras \u00e1reas da Comiss\u00e3o para a Liturgia da CNBB: M\u00fasica Lit\u00fargica e Espa\u00e7o Sagrado. &#8220;Assim, seria um meio de forma\u00e7\u00e3o permanente no campo da liturgia o uso das lives&#8221;.<\/p>\n<p>Os interessados poder\u00e3o acompanhar a live tamb\u00e9m pelo youtube, no seguinte endere\u00e7o:<\/p>\n<div class=\"ast-oembed-container\" style=\"height: 100%;\"><iframe loading=\"lazy\" title=\"A Liturgia como elo vital da Igreja\" width=\"500\" height=\"375\" src=\"https:\/\/www.youtube.com\/embed\/s6Lrq6bd-44?feature=oembed\" frameborder=\"0\" allow=\"accelerometer; autoplay; clipboard-write; encrypted-media; gyroscope; picture-in-picture; web-share\" referrerpolicy=\"strict-origin-when-cross-origin\" allowfullscreen><\/iframe><\/div>\n<p style=\"text-align: justify\"><span class=\"text_exposed_show\">\u00a0<\/span><\/p>\n","protected":false},"excerpt":{"rendered":"<p>A iniciativa da Edi\u00e7\u00f5es CNBB oferece aprofundamento do livro &#8220;Liturgia, Vida da Igreja&#8221;<\/p>\n","protected":false},"author":83,"featured_media":238119,"comment_status":"closed","ping_status":"open","sticky":false,"template":"","format":"standard","meta":{"site-sidebar-layout":"default","site-content-layout":"default","ast-global-header-display":"","ast-banner-title-visibility":"","ast-main-header-display":"","ast-hfb-above-header-display":"","ast-hfb-below-header-display":"","ast-hfb-mobile-header-display":"","site-post-title":"","ast-breadcrumbs-content":"","ast-featured-img":"","footer-sml-layout":"","theme-transparent-header-meta":"","adv-header-id-meta":"","stick-header-meta":"","header-above-stick-meta":"","header-main-stick-meta":"","header-below-stick-meta":""},"categories":[859],"tags":[1878,1730,2010],"acf":[],"_links":{"self":[{"href":"https:\/\/www.cnbb.org.br\/cnbb-app\/wp\/v2\/posts\/238100"}],"collection":[{"href":"https:\/\/www.cnbb.org.br\/cnbb-app\/wp\/v2\/posts"}],"about":[{"href":"https:\/\/www.cnbb.org.br\/cnbb-app\/wp\/v2\/types\/post"}],"author":[{"embeddable":true,"href":"https:\/\/www.cnbb.org.br\/cnbb-app\/wp\/v2\/users\/83"}],"replies":[{"embeddable":true,"href":"https:\/\/www.cnbb.org.br\/cnbb-app\/wp\/v2\/comments?post=238100"}],"version-history":[{"count":0,"href":"https:\/\/www.cnbb.org.br\/cnbb-app\/wp\/v2\/posts\/238100\/revisions"}],"wp:featuredmedia":[{"embeddable":true,"href":"https:\/\/www.cnbb.org.br\/cnbb-app\/wp\/v2\/media\/238119"}],"wp:attachment":[{"href":"https:\/\/www.cnbb.org.br\/cnbb-app\/wp\/v2\/media?parent=238100"}],"wp:term":[{"taxonomy":"category","embeddable":true,"href":"https:\/\/www.cnbb.org.br\/cnbb-app\/wp\/v2\/categories?post=238100"},{"taxonomy":"post_tag","embeddable":true,"href":"https:\/\/www.cnbb.org.br\/cnbb-app\/wp\/v2\/tags?post=238100"}],"curies":[{"name":"wp","href":"https:\/\/api.w.org\/{rel}","templated":true}]}}