{"id":238125,"date":"2020-05-05T11:27:15","date_gmt":"2020-05-05T14:27:15","guid":{"rendered":"https:\/\/www.cnbb.org.br\/?p=238125"},"modified":"2020-05-05T11:27:15","modified_gmt":"2020-05-05T14:27:15","slug":"live-e-tempo-de-cuidar-tera-conversa-sobre-cuidado-religioso-humano-e-emocional","status":"publish","type":"post","link":"https:\/\/www.cnbb.org.br\/live-e-tempo-de-cuidar-tera-conversa-sobre-cuidado-religioso-humano-e-emocional\/","title":{"rendered":"Na live de hoje a conversa \u00e9 sobre cuidado religioso e emocional"},"content":{"rendered":"<p style=\"text-align: justify\">Ter\u00e7a-feira \u00e9 dia de live <strong>\u201c\u00c9 tempo de cuidar\u201d<\/strong>. A transmiss\u00e3o de hoje, 5 de maio, vai tratar do cuidado religioso, humano e emocional em tempos de pandemia. Os convidados desta edi\u00e7\u00e3o s\u00e3o Cleusa Alves, vice-presidente da C\u00e1ritas Brasileira, e padre Patriky Samuel Batista, secret\u00e1rio-executivo de Campanhas da CNBB.<\/p>\n<p style=\"text-align: justify\">Na live, os convidados v\u00e3o dialogar sobre o cultivo da espiritualidade e da sa\u00fade psicol\u00f3gica. A C\u00e1ritas Brasileira recorda que a nova realidade social gerada pela pandemia de coronav\u00edrus mudou a rotina das fam\u00edlias e que a necessidade de distanciamento social exige cuidados individuais e coletivos.<\/p>\n<p style=\"text-align: justify\">Padre Patriky tamb\u00e9m situa a reflex\u00e3o no cuidado emocional, existencial, de modo a ajudar as pessoas que se sentem sozinhas e abandonadas. Tamb\u00e9m ir\u00e3o refletir sobre o &#8220;novo sentido da vida que desponta da pandemia&#8221;.<\/p>\n<p style=\"text-align: justify\">A live inicia \u00e0s 17h, no hor\u00e1rio de Bras\u00edlia, nas nas p\u00e1ginas da Confer\u00eancia Nacional dos Bispos do Brasil (CNBB) e da C\u00e1ritas Brasileira no Facebook e no canal da CNBB no Youtube. Quem quiser participar pode enviar perguntas e tamb\u00e9m n\u00e3o esque\u00e7a de usar a hashtag <strong>#tempodecuidar<\/strong> e marcar a CNBB e a C\u00e1ritas nas publica\u00e7\u00f5es.<\/p>\n<h3 style=\"text-align: justify\">\u00c9 tempo de cuidar<\/h3>\n<p style=\"text-align: justify\">A A\u00e7\u00e3o Solid\u00e1ria Emergencial da Igreja no Brasil, iniciativa nacional da CNBB em parceria com a C\u00e1ritas Brasileira, tem arrecadado alimentos, produtos de higiene e limpeza para serem entregues a pessoas em situa\u00e7\u00e3o de vulnerabilidade. Al\u00e9m de oferecer ajuda no campo religioso, humano e emocional.<\/p>\n<p style=\"text-align: justify\">As lives nas redes da CNBB e da C\u00e1ritas ocorrem nas ter\u00e7as-feiras, \u00e0s 17h. Participe utilizando a hashtag <strong><em>#tempodecuidar<\/em><\/strong><\/p>\n<p style=\"text-align: justify\"><a href=\"https:\/\/www.facebook.com\/cnbbnacional\/\" target=\"_blank\" rel=\"noopener\">P\u00e1gina da CNBB no Facebook<\/a><\/p>\n<p><a href=\"https:\/\/www.facebook.com\/caritasbrasileira\/?ref=br_rs\" target=\"_blank\" rel=\"noopener\">P\u00e1gina da C\u00e1ritas Brasileira no Facebook<\/a><\/p>\n<p><a href=\"https:\/\/www.youtube.com\/user\/CNBBNacional\" target=\"_blank\" rel=\"noopener\">Canal da CNBB no Youtube<\/a>    \t<\/p>\n","protected":false},"excerpt":{"rendered":"<p>Padre Patriky e Cleusa v\u00e3o dialogar sobre espiritualidade e sa\u00fade psicol\u00f3gica durante a pandemia<\/p>\n","protected":false},"author":83,"featured_media":238148,"comment_status":"closed","ping_status":"open","sticky":false,"template":"","format":"standard","meta":{"site-sidebar-layout":"default","site-content-layout":"default","ast-global-header-display":"","ast-banner-title-visibility":"","ast-main-header-display":"","ast-hfb-above-header-display":"","ast-hfb-below-header-display":"","ast-hfb-mobile-header-display":"","site-post-title":"","ast-breadcrumbs-content":"","ast-featured-img":"","footer-sml-layout":"","theme-transparent-header-meta":"","adv-header-id-meta":"","stick-header-meta":"","header-above-stick-meta":"","header-main-stick-meta":"","header-below-stick-meta":""},"categories":[1869],"tags":[1856,2010],"acf":[],"_links":{"self":[{"href":"https:\/\/www.cnbb.org.br\/cnbb-app\/wp\/v2\/posts\/238125"}],"collection":[{"href":"https:\/\/www.cnbb.org.br\/cnbb-app\/wp\/v2\/posts"}],"about":[{"href":"https:\/\/www.cnbb.org.br\/cnbb-app\/wp\/v2\/types\/post"}],"author":[{"embeddable":true,"href":"https:\/\/www.cnbb.org.br\/cnbb-app\/wp\/v2\/users\/83"}],"replies":[{"embeddable":true,"href":"https:\/\/www.cnbb.org.br\/cnbb-app\/wp\/v2\/comments?post=238125"}],"version-history":[{"count":0,"href":"https:\/\/www.cnbb.org.br\/cnbb-app\/wp\/v2\/posts\/238125\/revisions"}],"wp:featuredmedia":[{"embeddable":true,"href":"https:\/\/www.cnbb.org.br\/cnbb-app\/wp\/v2\/media\/238148"}],"wp:attachment":[{"href":"https:\/\/www.cnbb.org.br\/cnbb-app\/wp\/v2\/media?parent=238125"}],"wp:term":[{"taxonomy":"category","embeddable":true,"href":"https:\/\/www.cnbb.org.br\/cnbb-app\/wp\/v2\/categories?post=238125"},{"taxonomy":"post_tag","embeddable":true,"href":"https:\/\/www.cnbb.org.br\/cnbb-app\/wp\/v2\/tags?post=238125"}],"curies":[{"name":"wp","href":"https:\/\/api.w.org\/{rel}","templated":true}]}}