{"id":238215,"date":"2020-05-05T12:39:57","date_gmt":"2020-05-05T15:39:57","guid":{"rendered":"https:\/\/www.cnbb.org.br\/?p=238215"},"modified":"2020-09-08T14:09:26","modified_gmt":"2020-09-08T17:09:26","slug":"acorda-ser-humano","status":"publish","type":"post","link":"https:\/\/www.cnbb.org.br\/acorda-ser-humano\/","title":{"rendered":"Acorda, ser humano"},"content":{"rendered":"<p style=\"text-align: right\">Dom Adelar Baruffi<br \/>\nBispo Diocesano de Cruz Alta<\/p>\n<p style=\"text-align: justify\">A pandemia da COVID 19, que estamos vivendo, nos coloca a quest\u00e3o fundamental da antropologia que norteia nossa vida. Falou de maneira clara nosso Papa Francisco, no dia 27 de mar\u00e7o, na Pra\u00e7a S\u00e3o Pedro, que mesmo sem palavras falava por si: \u201cAvan\u00e7amos, destemidos, pensando que continuar\u00edamos sempre saud\u00e1veis num mundo doente. Agora n\u00f3s, sentindo-nos em mar agitado, imploramos-Te: \u2018Acorda, Senhor!\u2019\u201d. \u201cUm mundo doente\u201d, sobretudo na sua antropologia. Quanto ego\u00edsmo e falta de solidariedade. As crises s\u00e3o ocasi\u00e3o especial, um grande momento da gra\u00e7a de Deus, para rever nossa vida, nossa postura. O Papa conseguiu ver claro. Ali\u00e1s, j\u00e1 falou Francisco, Bento XVI e S\u00e3o Jo\u00e3o Paulo II, s\u00f3 para citar os mais recentes, da crise antropol\u00f3gica e consequente crise social que a sociedade humana est\u00e1 vivendo.<\/p>\n<p style=\"text-align: justify\">Desde o in\u00edcio da modernidade o ser humano conseguiu elevar-se a um est\u00e1gio de compreens\u00e3o de si, pelo uso da \u201craz\u00e3o\u201d, pela \u201cci\u00eancia\u201d e a \u201ctecnologia\u201d aplicada ao bem do ser humano. Muito bom e louv\u00e1vel isso. De fato, Deus nos deu a intelig\u00eancia e a capacidade para grandes coisas. Contudo o grande erro foi o voltar-se sobre si pr\u00f3prio, sobre seu \u201ceu\u201d, unicamente. \u201cAvan\u00e7amos destemidos\u201d, disse o Papa. Este \u00e9 o fracasso da humanidade e, consequente, fracasso da fraternidade. N\u00e3o amamos e acolhemos, mas exploramos em vista dos interesses pr\u00f3prios. O ser humano est\u00e1 doente e, a partir dele, as rela\u00e7\u00f5es sociais. Ainda nosso Papa: \u201cA tempestade desmascara a nossa vulnerabilidade e deixa a descoberto as falsas e sup\u00e9rfluas seguran\u00e7as com que constru\u00edmos os nossos programas, os nossos projetos, os nossos h\u00e1bitos e prioridades. Mostra-nos como deixamos adormecido e abandonado aquilo que nutre, sustenta e d\u00e1 for\u00e7a \u00e0 nossa vida e \u00e0 nossa comunidade\u201d. Trata-se de compreender o ser humano como criatura de Deus, que depende dele sempre e salvo por ele. Isto n\u00e3o nos livra da pandemia, mas no recoloca no caminho certo, certos de que temos em quem confiar.<\/p>\n<p style=\"text-align: justify\">Ao inv\u00e9s do grito dos disc\u00edpulos ao Senhor para que acorde e os salve (cf. Mc 4,38), o grande grito \u00e9 para n\u00f3s: acorda, ser humano! Somos fr\u00e1geis. Embora alguns n\u00e3o queiram aceitar, vivemos uma crise ecol\u00f3gica imensa, tantas vezes lembrada pela Doutrina Social da Igreja. Ela \u00e9 fruto de posturas erradas, com prop\u00f3sitos de \u201cempacotar e esquecer o que alimentou a alma dos nossos povos\u201d (Francisco). Somos fr\u00e1geis quando queremos dividir o mundo, ideologicamente, com muros e cercas, os bons e os maus. Na verdade n\u00e3o: somos uma \u00fanica grande fam\u00edlia. Nosso inimigo \u00e9 comum, sem bandeira pol\u00edtica. Somos fr\u00e1geis em nossa economia, que cada dia sofre mais e, claro, aumenta a pobreza. Por isso, insistimos que \u00e9 tempo de cuidar. Somos fr\u00e1geis em nosso corpo, que precisa ser protegido e cuidado, com o aux\u00edlio de tantos, especialmente os profissionais da sa\u00fade. Somos fr\u00e1geis em nossa alma, revelando-se sens\u00edvel neste tempo de afastamento social. Cuidemos de nosso equil\u00edbrio emocional, na conviv\u00eancia familiar, sobretudo. Somos fr\u00e1geis em nosso esp\u00edrito. Esta pandemia nos revela que, sem Deus, que seria do ser humano? Um homem que fica longe de Deus e sua salva\u00e7\u00e3o, que ser\u00e1 dele? Nossa fragilidade nos faz olhar para o alto e reconhecer que temos em Deus nossa origem e finalidade. Nossa f\u00e9 grita: acorda, ser humano. Olhemos a grandeza da cruz do Senhor e quanto amor que Ele nos d\u00e1 sempre. Caminhemos na humildade, como criaturas de Deus. Deus n\u00e3o \u00e9 nosso concorrente, mas aquele que est\u00e1 sempre junto, em todos os momentos. Lembremos a imagem b\u00edblica de nossa origem: feitos da argila, com o sopro da vida (cf. Gn 2,7).<\/p>\n<p style=\"text-align: justify\">Jesus, na barca, repreende os disc\u00edpulos dizendo: \u201cPor que sois t\u00e3o medrosos? Ainda n\u00e3o tendes f\u00e9?\u201d (Mc 4,40). Confiamos no Senhor Ressuscitado, que vive conosco.<\/p>\n","protected":false},"excerpt":{"rendered":"<p>Dom Adelar Baruffi Bispo Diocesano de Cruz Alta A pandemia da COVID 19, que estamos vivendo, nos coloca a quest\u00e3o fundamental da antropologia que norteia nossa vida. Falou de maneira clara nosso Papa Francisco, no dia 27 de mar\u00e7o, na Pra\u00e7a S\u00e3o Pedro, que mesmo sem palavras falava por si: \u201cAvan\u00e7amos, destemidos, pensando que continuar\u00edamos &hellip;<\/p>\n<p class=\"read-more\"> <a class=\"\" href=\"https:\/\/www.cnbb.org.br\/acorda-ser-humano\/\"> <span class=\"screen-reader-text\">Acorda, ser humano<\/span> Leia mais &raquo;<\/a><\/p>\n","protected":false},"author":26,"featured_media":0,"comment_status":"closed","ping_status":"open","sticky":false,"template":"","format":"standard","meta":{"site-sidebar-layout":"default","site-content-layout":"default","ast-global-header-display":"","ast-banner-title-visibility":"","ast-main-header-display":"","ast-hfb-above-header-display":"","ast-hfb-below-header-display":"","ast-hfb-mobile-header-display":"","site-post-title":"","ast-breadcrumbs-content":"","ast-featured-img":"","footer-sml-layout":"","theme-transparent-header-meta":"","adv-header-id-meta":"","stick-header-meta":"","header-above-stick-meta":"","header-main-stick-meta":"","header-below-stick-meta":""},"categories":[758],"tags":[],"acf":[],"_links":{"self":[{"href":"https:\/\/www.cnbb.org.br\/cnbb-app\/wp\/v2\/posts\/238215"}],"collection":[{"href":"https:\/\/www.cnbb.org.br\/cnbb-app\/wp\/v2\/posts"}],"about":[{"href":"https:\/\/www.cnbb.org.br\/cnbb-app\/wp\/v2\/types\/post"}],"author":[{"embeddable":true,"href":"https:\/\/www.cnbb.org.br\/cnbb-app\/wp\/v2\/users\/26"}],"replies":[{"embeddable":true,"href":"https:\/\/www.cnbb.org.br\/cnbb-app\/wp\/v2\/comments?post=238215"}],"version-history":[{"count":0,"href":"https:\/\/www.cnbb.org.br\/cnbb-app\/wp\/v2\/posts\/238215\/revisions"}],"wp:attachment":[{"href":"https:\/\/www.cnbb.org.br\/cnbb-app\/wp\/v2\/media?parent=238215"}],"wp:term":[{"taxonomy":"category","embeddable":true,"href":"https:\/\/www.cnbb.org.br\/cnbb-app\/wp\/v2\/categories?post=238215"},{"taxonomy":"post_tag","embeddable":true,"href":"https:\/\/www.cnbb.org.br\/cnbb-app\/wp\/v2\/tags?post=238215"}],"curies":[{"name":"wp","href":"https:\/\/api.w.org\/{rel}","templated":true}]}}