{"id":238343,"date":"2020-05-07T11:12:19","date_gmt":"2020-05-07T14:12:19","guid":{"rendered":"https:\/\/www.cnbb.org.br\/?p=238343"},"modified":"2020-09-08T14:09:26","modified_gmt":"2020-09-08T17:09:26","slug":"tempo-de-aprendizado","status":"publish","type":"post","link":"https:\/\/www.cnbb.org.br\/tempo-de-aprendizado\/","title":{"rendered":"Tempo de aprendizado"},"content":{"rendered":"<p style=\"text-align: right\"><strong>Dom Murilo S.R. Krieger<\/strong><br \/>\n<strong>Administrador Apost\u00f3lico de Salvador<\/strong><\/p>\n<p>&nbsp;<\/p>\n<p style=\"text-align: justify\">\u00a0 \u00a0 \u00a0 \u00a0 \u00a0 \u00a0No in\u00edcio da pandemia do Covid-19, o Presidente de Portugal, Marcelo de Sousa, fez uma afirma\u00e7\u00e3o ousada, antecipando que enfrentar\u00edamos desafios por um tempo que talvez fosse longo demais, por um tempo que ningu\u00e9m poderia imaginar qual fosse. Adiantou, tamb\u00e9m, que n\u00e3o viver\u00edamos isso apenas por alguns dias, mas, talvez, meses. Eu mesmo n\u00e3o lhe dei muito cr\u00e9dito, julgando-o um tanto exagerado. Mas a realidade est\u00e1 a\u00ed, impondo-se a n\u00f3s.<\/p>\n<p style=\"text-align: justify\">\u00a0\u00a0\u00a0\u00a0\u00a0\u00a0\u00a0\u00a0\u00a0\u00a0\u00a0 Precisamos, ent\u00e3o, tirar o maior n\u00famero de li\u00e7\u00f5es dessa experi\u00eancia que nem a imagina\u00e7\u00e3o mais f\u00e9rtil havia antecipado. N\u00e3o podemos admitir que, depois do que estamos passando, tudo continue como antes. Ao longo da Hist\u00f3ria, a humanidade deu grandes passos depois de inesperadas e traum\u00e1ticas li\u00e7\u00f5es.<\/p>\n<p style=\"text-align: justify\">Uma primeira li\u00e7\u00e3o que podemos tirar: a constata\u00e7\u00e3o de nossa fragilidade. Nossa vida \u2013 temos experimentado isso nas \u00faltimas semanas -, est\u00e1 sendo envolvida por medos e d\u00favidas. O Papa Francisco, domingo passado, lembrou-nos que somos como cristais, simultaneamente fr\u00e1geis e preciosos. Somente o Senhor \u00e9 capaz de ver a beleza que cada um de n\u00f3s esconde. Ele sabe quem somos, pois sa\u00edmos de suas m\u00e3os. Atr\u00e1s do n\u00famero indicando quantos foram infectados diariamente aqui ou ali, h\u00e1 pessoas \u2013 isto \u00e9, seres humanos \u00fanicos e irrepet\u00edveis, criados por amor. A vida humana \u00e9 um bem muito valioso; por isso, merece toda a nossa aten\u00e7\u00e3o.<\/p>\n<p style=\"text-align: justify\">\u00a0\u00a0\u00a0\u00a0\u00a0\u00a0\u00a0\u00a0\u00a0\u00a0\u00a0 Segunda li\u00e7\u00e3o: a pandemia tem-nos ensinado que, em determinadas situa\u00e7\u00f5es, desaparecem in\u00fameras etiquetas que colocamos nas pessoas. Somos iguais, pass\u00edveis dos mesmos sofrimentos. Por outro lado, muitas situa\u00e7\u00f5es s\u00e3o diferentes, fazendo com que o peso do coronav\u00edrus atinja de forma particularmente dolorosa os mais pobres. Se, depois de tudo o que vimos e ouvimos, n\u00e3o lutarmos por um mundo sem tantas diferen\u00e7as, ser\u00e1 sinal de que n\u00e3o aprendemos nada. Penso que me entendem: diferen\u00e7as sempre haver\u00e1 entre n\u00f3s; mas os abismos que verificamos existirem entre um grupo e outro, e com os quais facilmente nos acostumamos, n\u00e3o s\u00e3o da vontade de Deus.<\/p>\n<p style=\"text-align: justify\">\u00a0\u00a0\u00a0\u00a0\u00a0\u00a0\u00a0\u00a0\u00a0\u00a0\u00a0 Uma terceira li\u00e7\u00e3o: comovem-nos os testemunhos de solidariedade dados por pessoas e comunidades para atender os que testaram positivo para o coronavirus. S\u00e3o agentes da sa\u00fade, s\u00e3o autoridades, s\u00e3o grupos com as mais diversas motiva\u00e7\u00f5es que se desdobram para socorrer quem sofre. Isso nos mostra a potencialidade de amor que existe no cora\u00e7\u00e3o das pessoas, esperando apenas uma ocasi\u00e3o para se manifestar. Por que n\u00e3o deixarmos que nosso amor se manifeste sempre?<\/p>\n<p style=\"text-align: justify\">\u00a0\u00a0\u00a0\u00a0\u00a0\u00a0\u00a0\u00a0\u00a0\u00a0\u00a0 Colho, dos pensamentos de Pascal, uma outra li\u00e7\u00e3o: \u201cEm lugar de vos queixardes por Deus se ter ocultado, rendei gra\u00e7as pelo fato de se haver descoberto tanto\u201d. O desafio \u00e9 descobrirmos o modo como\u00a0 Deus se manifesta.<\/p>\n","protected":false},"excerpt":{"rendered":"<p>Dom Murilo S.R. Krieger Administrador Apost\u00f3lico de Salvador &nbsp; \u00a0 \u00a0 \u00a0 \u00a0 \u00a0 \u00a0No in\u00edcio da pandemia do Covid-19, o Presidente de Portugal, Marcelo de Sousa, fez uma afirma\u00e7\u00e3o ousada, antecipando que enfrentar\u00edamos desafios por um tempo que talvez fosse longo demais, por um tempo que ningu\u00e9m poderia imaginar qual fosse. Adiantou, tamb\u00e9m, que &hellip;<\/p>\n<p class=\"read-more\"> <a class=\"\" href=\"https:\/\/www.cnbb.org.br\/tempo-de-aprendizado\/\"> <span class=\"screen-reader-text\">Tempo de aprendizado<\/span> Leia mais &raquo;<\/a><\/p>\n","protected":false},"author":14,"featured_media":0,"comment_status":"closed","ping_status":"open","sticky":false,"template":"","format":"standard","meta":{"site-sidebar-layout":"default","site-content-layout":"default","ast-global-header-display":"","ast-banner-title-visibility":"","ast-main-header-display":"","ast-hfb-above-header-display":"","ast-hfb-below-header-display":"","ast-hfb-mobile-header-display":"","site-post-title":"","ast-breadcrumbs-content":"","ast-featured-img":"","footer-sml-layout":"","theme-transparent-header-meta":"","adv-header-id-meta":"","stick-header-meta":"","header-above-stick-meta":"","header-main-stick-meta":"","header-below-stick-meta":""},"categories":[758],"tags":[],"acf":[],"_links":{"self":[{"href":"https:\/\/www.cnbb.org.br\/cnbb-app\/wp\/v2\/posts\/238343"}],"collection":[{"href":"https:\/\/www.cnbb.org.br\/cnbb-app\/wp\/v2\/posts"}],"about":[{"href":"https:\/\/www.cnbb.org.br\/cnbb-app\/wp\/v2\/types\/post"}],"author":[{"embeddable":true,"href":"https:\/\/www.cnbb.org.br\/cnbb-app\/wp\/v2\/users\/14"}],"replies":[{"embeddable":true,"href":"https:\/\/www.cnbb.org.br\/cnbb-app\/wp\/v2\/comments?post=238343"}],"version-history":[{"count":0,"href":"https:\/\/www.cnbb.org.br\/cnbb-app\/wp\/v2\/posts\/238343\/revisions"}],"wp:attachment":[{"href":"https:\/\/www.cnbb.org.br\/cnbb-app\/wp\/v2\/media?parent=238343"}],"wp:term":[{"taxonomy":"category","embeddable":true,"href":"https:\/\/www.cnbb.org.br\/cnbb-app\/wp\/v2\/categories?post=238343"},{"taxonomy":"post_tag","embeddable":true,"href":"https:\/\/www.cnbb.org.br\/cnbb-app\/wp\/v2\/tags?post=238343"}],"curies":[{"name":"wp","href":"https:\/\/api.w.org\/{rel}","templated":true}]}}