{"id":238350,"date":"2020-05-07T11:21:17","date_gmt":"2020-05-07T14:21:17","guid":{"rendered":"https:\/\/www.cnbb.org.br\/?p=238350"},"modified":"2020-09-08T14:09:24","modified_gmt":"2020-09-08T17:09:24","slug":"honrar-a-mae","status":"publish","type":"post","link":"https:\/\/www.cnbb.org.br\/honrar-a-mae\/","title":{"rendered":"Honrar a m\u00e3e"},"content":{"rendered":"<p style=\"text-align: right\"><strong>Dom Rodolfo Lu\u00eds Weber<\/strong><br \/>\n<strong>Arcebispo de Passo Fundo<\/strong><\/p>\n<p>&nbsp;<\/p>\n<p style=\"text-align: justify\">\u201cN\u00e3o faz bem a ningu\u00e9m perder a consci\u00eancia de ser filho. Em cada pessoa, \u201cmesmo quando se torna adulta ou idosa, quando passa tamb\u00e9m a ser progenitora ou desempenha fun\u00e7\u00f5es de responsabilidade, por baixo de tudo isso permanece a identidade de filho. Todos somos filhos. E isto recorda-nos sempre que a vida n\u00e3o no-la demos sozinhos, mas recebemo-la. O grande dom da vida \u00e9 o primeiro presente que recebemos\u201d. Estas s\u00e3o palavras do Papa Francisco, escritas na exorta\u00e7\u00e3o apost\u00f3lica \u201cSobre o Amor na Fam\u00edlia\u201d, n\u00ba 188.<\/p>\n<p style=\"text-align: justify\">Ele continua: \u201cPor isso, o quarto mandamento pede aos filhos \u201cque honrem os pais\u201d (\u00caxodo 20,12). Esse mandamento vem logo ap\u00f3s aqueles que dizem respeito ao pr\u00f3prio Deus. Com efeito, cont\u00e9m algo de sagrado, algo de divino, algo que est\u00e1 na raiz de todos os outros tipos de respeito entre os homens. (&#8230;) O v\u00ednculo virtuoso entre gera\u00e7\u00f5es \u00e9 a garantia de futuro e de uma hist\u00f3ria verdadeiramente humana. Uma sociedade de filhos que n\u00e3o honram os pais \u00e9 uma sociedade sem honra\u201d (n\u00ba 189).<\/p>\n<p style=\"text-align: justify\">Na condi\u00e7\u00e3o de todos sermos filhos, lembra-nos que de tudo o que h\u00e1 de essencial em nossa vida nos foi dado sem a nossa colabora\u00e7\u00e3o. O fato de existirem pessoas que me inseriram na vida, que me fizeram experimentar o amor, que me deram a f\u00e9 e me abriram o olhar para Deus \u2013 tudo isso foi recebido gratuitamente. Tudo isto \u00e9 gra\u00e7a. N\u00e3o conseguir\u00edamos ter feito nada se antes n\u00e3o o tiv\u00e9ssemos recebido. Neste ponto de vista, a celebra\u00e7\u00e3o do dia das m\u00e3es depende que quase totalmente dos filhos. \u00c9 dia de honrar os pais, em particular, neste domingo a m\u00e3e.<\/p>\n<p style=\"text-align: justify\">A celebra\u00e7\u00e3o dos Dia das M\u00e3es, deste ano, devido a pandemia, para muitas m\u00e3es e filhos ter\u00e1 um sabor pr\u00f3prio. A mudan\u00e7a do ritmo de vida imposta pela pandemia proporcionou, em muitos lares, uma conviv\u00eancia mais longa e pr\u00f3xima, mais tempo para o di\u00e1logo. Possibilitou o simples e profundo \u201cestar juntos\u201d. Dias de descobertas de qualidades m\u00fatuas ou mesmo da descoberta fragilidades, vazios e car\u00eancias. Tamb\u00e9m \u00e9 verdade, que a pandemia, em outras situa\u00e7\u00f5es, distanciou outras m\u00e3es e filhos gerando as ang\u00fastias pr\u00f3prias do distanciamento e em outros casos a viv\u00eancia da dor e outros de luto.<\/p>\n<p style=\"text-align: justify\">A sabedoria b\u00edblica de \u201chonrar os pais\u201d, certamente n\u00e3o est\u00e1 ultrapassada. Mesmo que a palavra honra n\u00e3o seja mais n\u00e3o frequente no ambiente familiar, merece ser resgatada no seu sentido sagrado de estimar, respeitar, acatar e venerar as m\u00e3es. O hero\u00edsmo delas \u00e9 da doa\u00e7\u00e3o incans\u00e1vel e permanente. As a\u00e7\u00f5es rotineiras, que parecem serem desprez\u00edveis, s\u00e3o na verdade as a\u00e7\u00f5es essenciais do cuidado e da educa\u00e7\u00e3o dos filhos.<\/p>\n<p style=\"text-align: justify\">Que todas as m\u00e3es sejam aben\u00e7oadas por Deus.<\/p>\n<p style=\"text-align: justify\">\n","protected":false},"excerpt":{"rendered":"<p>Dom Rodolfo Lu\u00eds Weber Arcebispo de Passo Fundo &nbsp; \u201cN\u00e3o faz bem a ningu\u00e9m perder a consci\u00eancia de ser filho. Em cada pessoa, \u201cmesmo quando se torna adulta ou idosa, quando passa tamb\u00e9m a ser progenitora ou desempenha fun\u00e7\u00f5es de responsabilidade, por baixo de tudo isso permanece a identidade de filho. Todos somos filhos. E &hellip;<\/p>\n<p class=\"read-more\"> <a class=\"\" href=\"https:\/\/www.cnbb.org.br\/honrar-a-mae\/\"> <span class=\"screen-reader-text\">Honrar a m\u00e3e<\/span> Leia mais &raquo;<\/a><\/p>\n","protected":false},"author":27,"featured_media":0,"comment_status":"closed","ping_status":"open","sticky":false,"template":"","format":"standard","meta":{"site-sidebar-layout":"default","site-content-layout":"default","ast-global-header-display":"","ast-banner-title-visibility":"","ast-main-header-display":"","ast-hfb-above-header-display":"","ast-hfb-below-header-display":"","ast-hfb-mobile-header-display":"","site-post-title":"","ast-breadcrumbs-content":"","ast-featured-img":"","footer-sml-layout":"","theme-transparent-header-meta":"","adv-header-id-meta":"","stick-header-meta":"","header-above-stick-meta":"","header-main-stick-meta":"","header-below-stick-meta":""},"categories":[758],"tags":[],"acf":[],"_links":{"self":[{"href":"https:\/\/www.cnbb.org.br\/cnbb-app\/wp\/v2\/posts\/238350"}],"collection":[{"href":"https:\/\/www.cnbb.org.br\/cnbb-app\/wp\/v2\/posts"}],"about":[{"href":"https:\/\/www.cnbb.org.br\/cnbb-app\/wp\/v2\/types\/post"}],"author":[{"embeddable":true,"href":"https:\/\/www.cnbb.org.br\/cnbb-app\/wp\/v2\/users\/27"}],"replies":[{"embeddable":true,"href":"https:\/\/www.cnbb.org.br\/cnbb-app\/wp\/v2\/comments?post=238350"}],"version-history":[{"count":0,"href":"https:\/\/www.cnbb.org.br\/cnbb-app\/wp\/v2\/posts\/238350\/revisions"}],"wp:attachment":[{"href":"https:\/\/www.cnbb.org.br\/cnbb-app\/wp\/v2\/media?parent=238350"}],"wp:term":[{"taxonomy":"category","embeddable":true,"href":"https:\/\/www.cnbb.org.br\/cnbb-app\/wp\/v2\/categories?post=238350"},{"taxonomy":"post_tag","embeddable":true,"href":"https:\/\/www.cnbb.org.br\/cnbb-app\/wp\/v2\/tags?post=238350"}],"curies":[{"name":"wp","href":"https:\/\/api.w.org\/{rel}","templated":true}]}}