{"id":238507,"date":"2020-05-10T07:01:40","date_gmt":"2020-05-10T10:01:40","guid":{"rendered":"https:\/\/www.cnbb.org.br\/?p=238507"},"modified":"2020-09-08T14:09:21","modified_gmt":"2020-09-08T17:09:21","slug":"mae-a-luz-que-da-vida-ao-mundo","status":"publish","type":"post","link":"https:\/\/www.cnbb.org.br\/mae-a-luz-que-da-vida-ao-mundo\/","title":{"rendered":"M\u00e3e: a luz que d\u00e1 vida ao mundo"},"content":{"rendered":"<p style=\"text-align: right\"><strong>Dom Jo\u00e3o Bosco \u00d3liver de Faria<\/strong><br \/>\n<strong>Arcebispo Em\u00e9rito de Diamantina (MG)<\/strong><br \/>\n<strong>Presidente da Pr\u00f3-Sa\u00fade<\/strong><\/p>\n<p style=\"text-align: justify\">Sin\u00f4nimo de amor incondicional, a palavra m\u00e3e carrega consigo tantos significados que nem os mais belos adjetivos seriam suficientes para explic\u00e1-los. M\u00e3e \u00e9 sentir, \u00e9 gerar, \u00e9 doar, \u00e9 se fazer presente at\u00e9 mesmo na aus\u00eancia f\u00edsica.<\/p>\n<p style=\"text-align: justify\">A cria\u00e7\u00e3o da figura materna, sem d\u00favida, \u00e9 uma maiores express\u00f5es do amor infinito e misericordioso de Deus por n\u00f3s. Pois ningu\u00e9m, al\u00e9m de uma m\u00e3e, \u00e9 capaz de gerar a vida, doando o seu pr\u00f3prio corpo para acolher a batida de outro cora\u00e7\u00e3o.<\/p>\n<p style=\"text-align: justify\">S\u00e3o Jo\u00e3o Paulo II resume esse amor de maneira primorosa: \u201cObrigado a ti, mulher-m\u00e3e, que te fazes ventre do ser humano na alegria e no sofrimento, que te tornas o sorriso de Deus pela criatura que \u00e9 dada \u00e0 luz, que te fazes guia dos seus primeiros passos, amparo no seu crescimento, ponto de refer\u00eancia por todo o caminho da vida\u201d.<\/p>\n<p style=\"text-align: justify\">Neste Dia das M\u00e3es, celebrado de forma t\u00e3o peculiar por milhares de fam\u00edlias atingidas pela pandemia do novo coronav\u00edrus, este \u00e9 o nosso principal desejo: que o amor entre m\u00e3es e filhos, muitas vezes separados por dist\u00e2ncias f\u00edsicas ou emocionais, mantenha-os unidos em um s\u00f3 cora\u00e7\u00e3o, no caminho da f\u00e9 e sob as b\u00ean\u00e7\u00e3os divinas.<\/p>\n<p style=\"text-align: justify\">Que a Virgem Maria, M\u00e3e de Deus, cubra a todos com o Seu manto sagrado, intercedendo junto a Seu filho, Jesus Cristo Nosso Senhor. Rezo, especialmente, pelas m\u00e3es da Pr\u00f3-Sa\u00fade que, neste momento, est\u00e3o em batalha nos hospitais do Pa\u00eds inteiro pelo restabelecimento da sa\u00fade de nossos irm\u00e3os e irm\u00e3s atingidos pela Covid-19.<\/p>\n<p style=\"text-align: justify\">Certos de que, juntos, venceremos esse desafio, pe\u00e7amos para que a for\u00e7a de todas as m\u00e3es possa nos suportar e proteger para seguirmos adiante, sempre em defesa da vida.<\/p>\n<p style=\"text-align: justify\">Um feliz e aben\u00e7oado Dia das M\u00e3es!<br \/>\nA todos o meu cordial abra\u00e7o!<\/p>\n","protected":false},"excerpt":{"rendered":"<p>Dom Jo\u00e3o Bosco \u00d3liver de Faria Arcebispo Em\u00e9rito de Diamantina (MG) Presidente da Pr\u00f3-Sa\u00fade Sin\u00f4nimo de amor incondicional, a palavra m\u00e3e carrega consigo tantos significados que nem os mais belos adjetivos seriam suficientes para explic\u00e1-los. M\u00e3e \u00e9 sentir, \u00e9 gerar, \u00e9 doar, \u00e9 se fazer presente at\u00e9 mesmo na aus\u00eancia f\u00edsica. A cria\u00e7\u00e3o da figura &hellip;<\/p>\n<p class=\"read-more\"> <a class=\"\" href=\"https:\/\/www.cnbb.org.br\/mae-a-luz-que-da-vida-ao-mundo\/\"> <span class=\"screen-reader-text\">M\u00e3e: a luz que d\u00e1 vida ao mundo<\/span> Leia mais &raquo;<\/a><\/p>\n","protected":false},"author":93,"featured_media":0,"comment_status":"closed","ping_status":"open","sticky":false,"template":"","format":"standard","meta":{"site-sidebar-layout":"default","site-content-layout":"default","ast-global-header-display":"","ast-banner-title-visibility":"","ast-main-header-display":"","ast-hfb-above-header-display":"","ast-hfb-below-header-display":"","ast-hfb-mobile-header-display":"","site-post-title":"","ast-breadcrumbs-content":"","ast-featured-img":"","footer-sml-layout":"","theme-transparent-header-meta":"","adv-header-id-meta":"","stick-header-meta":"","header-above-stick-meta":"","header-main-stick-meta":"","header-below-stick-meta":""},"categories":[758],"tags":[],"acf":[],"_links":{"self":[{"href":"https:\/\/www.cnbb.org.br\/cnbb-app\/wp\/v2\/posts\/238507"}],"collection":[{"href":"https:\/\/www.cnbb.org.br\/cnbb-app\/wp\/v2\/posts"}],"about":[{"href":"https:\/\/www.cnbb.org.br\/cnbb-app\/wp\/v2\/types\/post"}],"author":[{"embeddable":true,"href":"https:\/\/www.cnbb.org.br\/cnbb-app\/wp\/v2\/users\/93"}],"replies":[{"embeddable":true,"href":"https:\/\/www.cnbb.org.br\/cnbb-app\/wp\/v2\/comments?post=238507"}],"version-history":[{"count":0,"href":"https:\/\/www.cnbb.org.br\/cnbb-app\/wp\/v2\/posts\/238507\/revisions"}],"wp:attachment":[{"href":"https:\/\/www.cnbb.org.br\/cnbb-app\/wp\/v2\/media?parent=238507"}],"wp:term":[{"taxonomy":"category","embeddable":true,"href":"https:\/\/www.cnbb.org.br\/cnbb-app\/wp\/v2\/categories?post=238507"},{"taxonomy":"post_tag","embeddable":true,"href":"https:\/\/www.cnbb.org.br\/cnbb-app\/wp\/v2\/tags?post=238507"}],"curies":[{"name":"wp","href":"https:\/\/api.w.org\/{rel}","templated":true}]}}