{"id":238544,"date":"2020-05-11T11:17:47","date_gmt":"2020-05-11T14:17:47","guid":{"rendered":"https:\/\/www.cnbb.org.br\/?p=238544"},"modified":"2020-09-08T14:09:19","modified_gmt":"2020-09-08T17:09:19","slug":"a-igreja-estende-as-maos","status":"publish","type":"post","link":"https:\/\/www.cnbb.org.br\/a-igreja-estende-as-maos\/","title":{"rendered":"A Igreja estende as m\u00e3os"},"content":{"rendered":"<p style=\"text-align: right\"><strong>Dom Jo\u00e3o Bosco \u00d3liver de Faria<br \/>\n<\/strong><strong>Arcebispo Em\u00e9rito de Diamantina (MG)<\/strong><\/p>\n<p style=\"text-align: justify\"><em>\u00a0<\/em><\/p>\n<p style=\"text-align: justify\"><em>Par\u00f3quias cat\u00f3licas em bairros pobres das grandes metr\u00f3poles s\u00e3o alternativa para atender pacientes de Covid-19<\/em><\/p>\n<p style=\"text-align: justify\">Os dados mais recentes sobre o novo corona v\u00edrus nas grandes cidades confirmam que a doen\u00e7a pode ser dez vezes mais letal nas regi\u00f5es pobres, lugares onde as pessoas j\u00e1 sofrem com v\u00e1rias outras dificuldades.<\/p>\n<p style=\"text-align: justify\">Diante da desigualdade que se imp\u00f5e, \u00e9 providencial lembrarmos da campanha da Fraternidade deste ano, em que Papa Francisco se inspira no Evangelho de Lucas, quando cita o lema \u201c<em>Viu, sentiu compaix\u00e3o e cuidou dele<\/em>\u201d, em refer\u00eancia \u00e0 par\u00e1bola do Bom Samaritano (Lc 10,34-35).<\/p>\n<p style=\"text-align: justify\">A tradi\u00e7\u00e3o cat\u00f3lica de cuidados com a sa\u00fade deixou seu legado secular que, num momento como esse, continua ao nosso alcance. Hoje, em todo o Brasil, milhares de par\u00f3quias est\u00e3o presentes no cotidiano dos bairros carentes da cidade, em lugares onde o Estado n\u00e3o chega. S\u00e3o espa\u00e7os que podem fazer a diferen\u00e7a para os doentes por Covid-19. Fam\u00edlias que precisam de atendimento r\u00e1pido.<\/p>\n<p style=\"text-align: justify\">Sim, a Igreja Cat\u00f3lica est\u00e1 preocupada. Seus espa\u00e7os poderiam ser transformados em leitos tempor\u00e1rios, como nos hospitais de campanha, para atender aos doentes nas regi\u00f5es Metropolitanas de S\u00e3o Paulo, Rio de Janeiro entre outras.<\/p>\n<p style=\"text-align: justify\">A Pr\u00f3-Sa\u00fade, entidade filantr\u00f3pica conduzida por religiosos que atua com gest\u00e3o hospitalar h\u00e1 50 anos e atende cerca de um milh\u00e3o de pacientes todos os meses, tamb\u00e9m disp\u00f4s de seu capital humano profissional para atuar na instala\u00e7\u00e3o e operacionaliza\u00e7\u00e3o desses espa\u00e7os de atendimento.<\/p>\n<p style=\"text-align: justify\">\u00c9 um gesto importante e uma alternativa que, para virar realidade, precisa ser incorporada \u00e0 estrat\u00e9gia reconhecidamente respons\u00e1vel das autoridades p\u00fablicas, que est\u00e3o \u00e0 frente do combate \u00e0 essa pandemia.<\/p>\n<p style=\"text-align: justify\">Na imin\u00eancia do sistema de sa\u00fade entrar em colapso, com todos os leitos lotados, \u00e9 importante celeridade nas a\u00e7\u00f5es. Conhecemos o sofrimento di\u00e1rio das fam\u00edlias que vivem nas periferias e o al\u00edvio para nossos irm\u00e3os depende de um esfor\u00e7o coletivo e organizado para evitar situa\u00e7\u00f5es dram\u00e1ticas.<\/p>\n<p style=\"text-align: justify\">\n","protected":false},"excerpt":{"rendered":"<p>Dom Jo\u00e3o Bosco \u00d3liver de Faria Arcebispo Em\u00e9rito de Diamantina (MG) \u00a0 Par\u00f3quias cat\u00f3licas em bairros pobres das grandes metr\u00f3poles s\u00e3o alternativa para atender pacientes de Covid-19 Os dados mais recentes sobre o novo corona v\u00edrus nas grandes cidades confirmam que a doen\u00e7a pode ser dez vezes mais letal nas regi\u00f5es pobres, lugares onde as &hellip;<\/p>\n<p class=\"read-more\"> <a class=\"\" href=\"https:\/\/www.cnbb.org.br\/a-igreja-estende-as-maos\/\"> <span class=\"screen-reader-text\">A Igreja estende as m\u00e3os<\/span> Leia mais &raquo;<\/a><\/p>\n","protected":false},"author":93,"featured_media":0,"comment_status":"closed","ping_status":"open","sticky":false,"template":"","format":"standard","meta":{"site-sidebar-layout":"default","site-content-layout":"default","ast-global-header-display":"","ast-banner-title-visibility":"","ast-main-header-display":"","ast-hfb-above-header-display":"","ast-hfb-below-header-display":"","ast-hfb-mobile-header-display":"","site-post-title":"","ast-breadcrumbs-content":"","ast-featured-img":"","footer-sml-layout":"","theme-transparent-header-meta":"","adv-header-id-meta":"","stick-header-meta":"","header-above-stick-meta":"","header-main-stick-meta":"","header-below-stick-meta":""},"categories":[758],"tags":[],"acf":[],"_links":{"self":[{"href":"https:\/\/www.cnbb.org.br\/cnbb-app\/wp\/v2\/posts\/238544"}],"collection":[{"href":"https:\/\/www.cnbb.org.br\/cnbb-app\/wp\/v2\/posts"}],"about":[{"href":"https:\/\/www.cnbb.org.br\/cnbb-app\/wp\/v2\/types\/post"}],"author":[{"embeddable":true,"href":"https:\/\/www.cnbb.org.br\/cnbb-app\/wp\/v2\/users\/93"}],"replies":[{"embeddable":true,"href":"https:\/\/www.cnbb.org.br\/cnbb-app\/wp\/v2\/comments?post=238544"}],"version-history":[{"count":0,"href":"https:\/\/www.cnbb.org.br\/cnbb-app\/wp\/v2\/posts\/238544\/revisions"}],"wp:attachment":[{"href":"https:\/\/www.cnbb.org.br\/cnbb-app\/wp\/v2\/media?parent=238544"}],"wp:term":[{"taxonomy":"category","embeddable":true,"href":"https:\/\/www.cnbb.org.br\/cnbb-app\/wp\/v2\/categories?post=238544"},{"taxonomy":"post_tag","embeddable":true,"href":"https:\/\/www.cnbb.org.br\/cnbb-app\/wp\/v2\/tags?post=238544"}],"curies":[{"name":"wp","href":"https:\/\/api.w.org\/{rel}","templated":true}]}}