{"id":238553,"date":"2020-05-11T11:50:45","date_gmt":"2020-05-11T14:50:45","guid":{"rendered":"https:\/\/www.cnbb.org.br\/?p=238553"},"modified":"2020-05-11T11:50:45","modified_gmt":"2020-05-11T14:50:45","slug":"comissao-pastoral-da-terra-reforca-campanha-contra-trabalho-escravo-contemporaneo","status":"publish","type":"post","link":"https:\/\/www.cnbb.org.br\/comissao-pastoral-da-terra-reforca-campanha-contra-trabalho-escravo-contemporaneo\/","title":{"rendered":"Comiss\u00e3o Pastoral da Terra\u00a0refor\u00e7a campanha contra trabalho escravo contempor\u00e2neo"},"content":{"rendered":"<p style=\"text-align: justify\">Nesta semana, entre os dias 11 e 15 de maio, a Comiss\u00e3o Pastoral da Terra (CPT) realizar\u00e1 a Semana de Comunica\u00e7\u00e3o em Combate ao Trabalho Escravo. A a\u00e7\u00e3o, que acontece anualmente na Bahia na semana em que \u00e9 comemorada a aboli\u00e7\u00e3o da escravatura no Brasil, este ano ser\u00e1 nacional e visa alertar a popula\u00e7\u00e3o dos riscos e da exist\u00eancia do trabalho escravo contempor\u00e2neo. Durante esses cinco dias, a CPT vai intensificar a divulga\u00e7\u00e3o de materiais informativos e educativos sobre a tem\u00e1tica, produzidos pela Campanha \u201cDe olho aberto para n\u00e3o virar escravo!\u201d. Uma live ser\u00e1 realizada no dia 13 de maio com o tema \u201cO trabalho escravo ainda tem cor?\u201d.<\/p>\n<p style=\"text-align: justify\">De acordo com a\u00a0CPT, nos \u00faltimos 24 anos, 54.778 pessoas em situa\u00e7\u00e3o an\u00e1loga \u00e0 escravid\u00e3o foram libertadas em todos o pa\u00eds. \u00c9 considerada escravizada uma pessoa submetida a condi\u00e7\u00f5es degradantes de trabalho, jornada exaustiva ou a alguma forma de priva\u00e7\u00e3o de liberdade de ir e vir, inclusive, por meio de d\u00edvida ou de trabalho for\u00e7ado. Segundo o art. 149 do C\u00f3digo Penal, reduzir algu\u00e9m a esta condi\u00e7\u00e3o \u00e9 crime e a pena \u00e9 de dois a oito anos de pris\u00e3o, al\u00e9m de multa.<\/p>\n<h3 style=\"text-align: justify\">N\u00fameros do trabalho escravo em 2019<\/h3>\n<p style=\"text-align: justify\">No ano passado, 130 casos de trabalho escravo foram identificados em todo o pa\u00eds, envolvendo 1.208 pessoas e resultando no resgate de 1.050 trabalhadores. As ocorr\u00eancias de norte a sul do pa\u00eds abrangeram diversos segmentos, como pecu\u00e1ria, lavouras, produ\u00e7\u00e3o de carv\u00e3o vegetal, minera\u00e7\u00e3o, confec\u00e7\u00e3o, constru\u00e7\u00e3o civil, servi\u00e7os diversos. Esses dados, sistematizados pela Campanha \u201cDe olho aberto para n\u00e3o virar escravo!\u201d, t\u00eam como fonte principal as informa\u00e7\u00f5es da Secretaria de Inspe\u00e7\u00e3o do Trabalho (hoje lotada no Minist\u00e9rio da Economia).<\/p>\n<h3 style=\"text-align: justify\">Desemprego, informalidade e desmonte dos direitos tendem a acentuar e invisibilizar a explora\u00e7\u00e3o dos trabalhadores<\/h3>\n<p style=\"text-align: justify\">Embora um pouco superiores aos dos tr\u00eas anos anteriores, os n\u00fameros de 2019 confirmam uma tend\u00eancia dos \u00faltimos anos: a diminui\u00e7\u00e3o da quantidade de trabalhadores envolvidos e resgatados. No entanto, n\u00e3o h\u00e1 sinal de que a pr\u00e1tica do trabalho escravo tenha realmente diminu\u00eddo, \u00e9 o que alerta o integrante da Campanha \u201cDe olho aberto para n\u00e3o virar escravo!\u201d Hamilton Luz.<\/p>\n<blockquote>\n<p style=\"text-align: justify\">\u201cConseguir emprego se tornou uma proeza t\u00e3o hipot\u00e9tica que, mesmo submetido a humilha\u00e7\u00f5es, viola\u00e7\u00e3o de direitos, sendo tratado at\u00e9 pior que animal, o trabalhador resiste \u00e0 ideia de denunciar. Ainda mais quando a lei que protegia seus direitos sofre desmontes sucessivos como foi acontecendo a cada ano ultimamente\u201d, destaca. \u201cSem den\u00fancia, precisa-se investigar bastante para localizar focos de trabalho escravo escondidos atr\u00e1s da \u2018normalidade\u2019. Em contexto de gritante restri\u00e7\u00e3o de recursos, a fiscaliza\u00e7\u00e3o sozinha, com meios minguando faz anos, dificilmente consegue dar conta\u201d.<\/p>\n<\/blockquote>\n<p style=\"text-align: justify\">O desmonte dos direitos e a precariza\u00e7\u00e3o dos empregos t\u00eam agravado a situa\u00e7\u00e3o do trabalho escravo no pa\u00eds. <em>\u201cUm dos grandes vil\u00f5es \u00e9 o desemprego (al\u00e9m da concentra\u00e7\u00e3o de terra e falta da reforma agr\u00e1ria), a pessoa desempregada, na maioria das vezes, n\u00e3o pensa duas vezes antes de aceitar um emprego e \u00e9 nessas horas que os gatos, os aproveitadores da \u2018mis\u00e9ria\u2019 alheia d\u00e3o o \u2018golpe\u2019\u201d,<\/em> comenta Luz.<\/p>\n<h3 style=\"text-align: justify\">Programa\u00e7\u00e3o Semana de Comunica\u00e7\u00e3o<\/h3>\n<p style=\"text-align: justify\">Devido \u00e0 pandemia do novo coronav\u00edrus e \u00e0s orienta\u00e7\u00f5es das organiza\u00e7\u00f5es de Sa\u00fade de distanciamento e isolamento sociais, atividades como palestras, reuni\u00f5es e panfletagens n\u00e3o ser\u00e3o realizadas este ano. As a\u00e7\u00f5es da Semana de Comunica\u00e7\u00e3o ser\u00e3o realizadas por meio das plataformas digitais e ve\u00edculos de comunica\u00e7\u00e3o. O material informativo sobre o trabalho escravo contempor\u00e2neo poder\u00e1 ser acessado nos canais da\u00a0CPT:\u00a0<a href=\"https:\/\/www.facebook.com\/CPTNacional\/\" target=\"_blank\" rel=\"noopener\">Facebook<\/a>,\u00a0<a href=\"https:\/\/www.youtube.com\/channel\/UCOwFLPzWVxssandwQcBbbzg\" target=\"_blank\" rel=\"noopener\">Youtube<\/a>\u00a0e\u00a0<a href=\"https:\/\/www.cptnacional.org.br\/\" target=\"_blank\" rel=\"noopener\">site<\/a>. No dia 13 de maio, quando a lei \u00c1urea completa 132 anos, uma\u00a0live\u00a0ir\u00e1 discutir como o racismo contribui para essa realidade e de que maneira a pandemia agrava essa situa\u00e7\u00e3o.<\/p>\n<h3 style=\"text-align: justify\">Como buscar ajuda?<\/h3>\n<p style=\"text-align: justify\">O trabalhador que presenciar qualquer situa\u00e7\u00e3o de trabalho escravo deve procurar orienta\u00e7\u00e3o e apoio. A den\u00fancia \u00e9 fundamental. Ela poder\u00e1 ser recebida na Superintend\u00eancia do Minist\u00e9rio do Trabalho, no Minist\u00e9rio P\u00fablico do Trabalho, na Pol\u00edcia Federal, na Pol\u00edcia Rodovi\u00e1ria Federal, na Comiss\u00e3o Pastoral da Terra e nos Sindicatos dos Trabalhadores e Trabalhadoras Rurais.<\/p>\n<p>&nbsp;<\/p>\n<p style=\"text-align: justify\">Com informa\u00e7\u00f5es da equipe de comunica\u00e7\u00e3o da CPT Bahia e Campanha &#8220;De olho aberto para n\u00e3o virar escravo&#8221;<\/p>\n<p style=\"text-align: justify\">Foto de Capa: PublicDomainPictures por Pixabay<\/p>\n","protected":false},"excerpt":{"rendered":"<p>Entre os dias 11 e 15 de maio, a Comiss\u00e3o Pastoral da Terra realizar\u00e1 a\u00a0Semana de Comunica\u00e7\u00e3o em Combate ao Trabalho Escravo<\/p>\n","protected":false},"author":83,"featured_media":238559,"comment_status":"closed","ping_status":"open","sticky":false,"template":"","format":"standard","meta":{"site-sidebar-layout":"default","site-content-layout":"default","ast-global-header-display":"","ast-banner-title-visibility":"","ast-main-header-display":"","ast-hfb-above-header-display":"","ast-hfb-below-header-display":"","ast-hfb-mobile-header-display":"","site-post-title":"","ast-breadcrumbs-content":"","ast-featured-img":"","footer-sml-layout":"","theme-transparent-header-meta":"","adv-header-id-meta":"","stick-header-meta":"","header-above-stick-meta":"","header-main-stick-meta":"","header-below-stick-meta":""},"categories":[814],"tags":[2478,2568,2569],"acf":[],"_links":{"self":[{"href":"https:\/\/www.cnbb.org.br\/cnbb-app\/wp\/v2\/posts\/238553"}],"collection":[{"href":"https:\/\/www.cnbb.org.br\/cnbb-app\/wp\/v2\/posts"}],"about":[{"href":"https:\/\/www.cnbb.org.br\/cnbb-app\/wp\/v2\/types\/post"}],"author":[{"embeddable":true,"href":"https:\/\/www.cnbb.org.br\/cnbb-app\/wp\/v2\/users\/83"}],"replies":[{"embeddable":true,"href":"https:\/\/www.cnbb.org.br\/cnbb-app\/wp\/v2\/comments?post=238553"}],"version-history":[{"count":0,"href":"https:\/\/www.cnbb.org.br\/cnbb-app\/wp\/v2\/posts\/238553\/revisions"}],"wp:featuredmedia":[{"embeddable":true,"href":"https:\/\/www.cnbb.org.br\/cnbb-app\/wp\/v2\/media\/238559"}],"wp:attachment":[{"href":"https:\/\/www.cnbb.org.br\/cnbb-app\/wp\/v2\/media?parent=238553"}],"wp:term":[{"taxonomy":"category","embeddable":true,"href":"https:\/\/www.cnbb.org.br\/cnbb-app\/wp\/v2\/categories?post=238553"},{"taxonomy":"post_tag","embeddable":true,"href":"https:\/\/www.cnbb.org.br\/cnbb-app\/wp\/v2\/tags?post=238553"}],"curies":[{"name":"wp","href":"https:\/\/api.w.org\/{rel}","templated":true}]}}