{"id":23861,"date":"2009-09-30T00:00:00","date_gmt":"2009-09-30T03:00:00","guid":{"rendered":"https:\/\/www.cnbb.org.br\/carta-as-comunidades-na-conclusao-do-12zinho\/"},"modified":"2009-09-30T00:00:00","modified_gmt":"2009-09-30T03:00:00","slug":"carta-as-comunidades-na-conclusao-do-12zinho","status":"publish","type":"post","link":"https:\/\/www.cnbb.org.br\/carta-as-comunidades-na-conclusao-do-12zinho\/","title":{"rendered":"Carta \u00e0s comunidades na conclus\u00e3o do 12zinho"},"content":{"rendered":"<p style=\"text-align: justify\">Porto Velho &#8211; setembro de 2008<\/p>\n<p style=\"text-align: justify\">\n<p>\u201cFilho da floresta, \u00e1gua e madeira v\u00e3o na luz dos meus olhos,<br \/>\ne explicam este jeito meu de amar as estrelas<br \/>\n<!--more--> e de carregar nos ombros a esperan\u00e7a\u201d<br \/>\n(Thiago de Melo)<\/p>\n<p style=\"text-align: justify\">Irm\u00e3os e irm\u00e3s das CEBs,<\/p>\n<p style=\"text-align: justify\">1. Em nome da Trindade, a melhor comunidade, saudamos voc\u00eas com muito carinho. Nos dias 26 a 28 de setembro de 2008 estivemos reunidos em Porto Velho para celebrar o 1\u00ba Encontro Arquidiocesano das Comunidades Eclesiais de Base, carinhosamente chamado de Dozinho, com o objetivo de fortalecer as CEBs e ao mesmo tempo aprofundar a prepara\u00e7\u00e3o para o 12\u00ba Intereclesial, que ocorrer\u00e1 aqui nesta por\u00e7\u00e3o da Amaz\u00f4nia em 2009.<\/p>\n<p style=\"text-align: justify\">2. \u00c9ramos aproximadamente 1300 participantes representantes de comunidades urbanas, rurais, ribeirinhas, migrantes, povos ind\u00edgenas e demais povos da floresta, assessores e convidados das dioceses de L\u00e1brea, Humait\u00e1, Rio Branco, Cruzeiro do Sul, Guajar\u00e1-Mirim e Ji-Paran\u00e1, refletindo e celebrando \u00e0 luz do tema \u201cA caridade sustenta a comunidade\u201d e o lema \u201cA Palavra de Deus \u00e9 viva e eficaz\u201d. Sentimos o carinho das centenas de fam\u00edlias que nos acolheram e dos irm\u00e3os e irm\u00e3s das equipes de apoio que nos cuidaram com dedica\u00e7\u00e3o, e o apoio de nosso Arcebispo Dom Moacyr Grechi e do Bispo de Cruzeiro do Sul Dom Mos\u00e9 Jo\u00e3o Pontelo.<\/p>\n<p style=\"text-align: justify\">3. Nas celebra\u00e7\u00f5es, preparadas pela Rede Celebra e equipes locais, fizemos mem\u00f3ria da caminhada de nossas comunidades, que carregam nos ombros a esperan\u00e7a e o sonho de Jesus de Nazar\u00e9, nosso irm\u00e3o e Senhor.<\/p>\n<p style=\"text-align: justify\">4. Nosso olhar se dirigiu para nossa realidade, onde vemos crescer a fraternidade que gera vida, mas tamb\u00e9m de onde ecoam os gritos da Amaz\u00f4nia na agress\u00e3o \u00e0 natureza, polui\u00e7\u00e3o do solo e dos rios, implanta\u00e7\u00e3o de megaprojetos, tais como a constru\u00e7\u00e3o de hidroel\u00e9tricas, na destrui\u00e7\u00e3o das florestas pelo agroneg\u00f3cio e latif\u00fandio depredador, agress\u00e3o \u00e0 cultura dos povos ind\u00edgenas, no incha\u00e7o das cidades, viol\u00eancia urbana e tantos outros males que perturbam a harmonia da cria\u00e7\u00e3o de Deus.<\/p>\n<p style=\"text-align: justify\">5. Os gritos da Amaz\u00f4nia se fazem ouvir tamb\u00e9m na resist\u00eancia dos povos e comunidades que prop\u00f5e projetos alternativos em sintonia com a voca\u00e7\u00e3o de nossa regi\u00e3o.<\/p>\n<p style=\"text-align: justify\">6. Nos orientamos pela confian\u00e7a de que a Palavra de Deus nos abre para o novo e para a esperan\u00e7a. O Deus da vida, que \u201cfaz novas todas as coisas\u201d, nos ajuda a fazer correr o rio da fraternidade em nossas comunidades, que neste momento vivem o entusiasmo da prepara\u00e7\u00e3o do 12\u00ba Intereclesial.<\/p>\n<p style=\"text-align: justify\">7. Refor\u00e7amos a convic\u00e7\u00e3o de que as CEBs s\u00e3o portadoras de esperan\u00e7a, sinais da realiza\u00e7\u00e3o da utopia do Reino, onde toda forma de amea\u00e7a \u00e0 vida deve dar lugar ao \u201cnovo c\u00e9u e a nova terra\u201d (AP 21,1).<\/p>\n<p style=\"text-align: justify\">8. Sugerimos a realiza\u00e7\u00e3o de encontros entre comunidades para aprofundar a reflex\u00e3o aqui iniciada, a elabora\u00e7\u00e3o de material com linguagem simples sobre as CEBs, maior efici\u00eancia na divulga\u00e7\u00e3o e comunica\u00e7\u00e3o, dinamiza\u00e7\u00e3o dos minist\u00e9rios leigos e maior descentraliza\u00e7\u00e3o das par\u00f3quias, transformando-as sempre mais em \u201ccomunidade de comunidades\u201d.<\/p>\n<p style=\"text-align: justify\">9. Encerramos nosso Encontro com a Romaria da B\u00edblia e com a celebra\u00e7\u00e3o eucar\u00edstica. Voltamos para nossas comunidades acompanhados pela b\u00ean\u00e7\u00e3o do Deus da vida e da esperan\u00e7a. Confortados pelo testemunho dos m\u00e1rtires da caminhada e dos que confessam a f\u00e9 com destemor. Com Maria, m\u00e3e de Jesus e companheira de nossa caminhada, em busca da Terra Sem Males.<\/p>\n<p style=\"text-align: justify\">Am\u00e9m! Ax\u00e9! Au\u00eare! Aleluia!<\/p>\n","protected":false},"excerpt":{"rendered":"<p>Porto Velho &#8211; setembro de 2008 \u201cFilho da floresta, \u00e1gua e madeira v\u00e3o na luz dos meus olhos, e explicam este jeito meu de amar as estrelas<\/p>\n","protected":false},"author":83,"featured_media":0,"comment_status":"open","ping_status":"open","sticky":false,"template":"","format":"standard","meta":{"site-sidebar-layout":"default","site-content-layout":"default","ast-global-header-display":"","ast-banner-title-visibility":"","ast-main-header-display":"","ast-hfb-above-header-display":"","ast-hfb-below-header-display":"","ast-hfb-mobile-header-display":"","site-post-title":"","ast-breadcrumbs-content":"","ast-featured-img":"","footer-sml-layout":"","theme-transparent-header-meta":"","adv-header-id-meta":"","stick-header-meta":"","header-above-stick-meta":"","header-main-stick-meta":"","header-below-stick-meta":""},"categories":[821,769],"tags":[],"acf":[],"_links":{"self":[{"href":"https:\/\/www.cnbb.org.br\/cnbb-app\/wp\/v2\/posts\/23861"}],"collection":[{"href":"https:\/\/www.cnbb.org.br\/cnbb-app\/wp\/v2\/posts"}],"about":[{"href":"https:\/\/www.cnbb.org.br\/cnbb-app\/wp\/v2\/types\/post"}],"author":[{"embeddable":true,"href":"https:\/\/www.cnbb.org.br\/cnbb-app\/wp\/v2\/users\/83"}],"replies":[{"embeddable":true,"href":"https:\/\/www.cnbb.org.br\/cnbb-app\/wp\/v2\/comments?post=23861"}],"version-history":[{"count":0,"href":"https:\/\/www.cnbb.org.br\/cnbb-app\/wp\/v2\/posts\/23861\/revisions"}],"wp:attachment":[{"href":"https:\/\/www.cnbb.org.br\/cnbb-app\/wp\/v2\/media?parent=23861"}],"wp:term":[{"taxonomy":"category","embeddable":true,"href":"https:\/\/www.cnbb.org.br\/cnbb-app\/wp\/v2\/categories?post=23861"},{"taxonomy":"post_tag","embeddable":true,"href":"https:\/\/www.cnbb.org.br\/cnbb-app\/wp\/v2\/tags?post=23861"}],"curies":[{"name":"wp","href":"https:\/\/api.w.org\/{rel}","templated":true}]}}