{"id":238659,"date":"2020-05-12T13:41:49","date_gmt":"2020-05-12T16:41:49","guid":{"rendered":"https:\/\/www.cnbb.org.br\/?p=238659"},"modified":"2020-09-08T14:09:16","modified_gmt":"2020-09-08T17:09:16","slug":"tempo-de-cuidar","status":"publish","type":"post","link":"https:\/\/www.cnbb.org.br\/tempo-de-cuidar\/","title":{"rendered":"Tempo de cuidar"},"content":{"rendered":"<p style=\"text-align: right\"><strong>Dom Adelar Baruffi<\/strong><br \/>\n<strong>Bispo de Cruz Alta<\/strong><\/p>\n<p style=\"text-align: justify\"><strong>\u00a0<\/strong><\/p>\n<p style=\"text-align: justify\">\u00a0\u00a0\u00a0\u00a0\u00a0\u00a0\u00a0\u00a0\u00a0\u00a0\u00a0 Vivemos um tempo que exige especial cuidado. O COVID 19, que nos tomou de surpresa, veio revirar nossa vida, nossos planos, nossa economia, nosso lazer, nossa sa\u00fade e, tamb\u00e9m, nossa f\u00e9. Por isso, a CNBB nos convidou a intensificar o que j\u00e1 fazemos, com um olhar mais amplo, de cuidar. Precisamos ir discernindo e convivendo a cada dia com a incerteza da presen\u00e7a da pandemia. Diante disso, ouvir e seguir o que pedem as autoridades \u00e9 muito prudente.<\/p>\n<p style=\"text-align: justify\">\u00a0\u00a0\u00a0\u00a0\u00a0\u00a0\u00a0\u00a0\u00a0\u00a0\u00a0 Cuidar de nossa f\u00e9. Muitas foram as orienta\u00e7\u00f5es para vivermos este momento de distanciamento social e das celebra\u00e7\u00f5es de maneira frutuosa. Continuamos a ser Igreja dom\u00e9stica, sem deixar de ser a Igreja Cat\u00f3lica. Rezamos em casa, com a fam\u00edlia. Os subs\u00eddios para a ora\u00e7\u00e3o e o culto s\u00e3o muito bons. Sairemos fortalecidos na viv\u00eancia familiar. Todos os dias, fazemos nossa Leitura Orante da Palavra. Seguimos as celebra\u00e7\u00f5es eucar\u00edsticas de nossa par\u00f3quia via r\u00e1dio, televis\u00e3o ou facebook. Louvamos a Deus por estes meios de comunica\u00e7\u00e3o, que neste momento nos unem. Importante que a celebra\u00e7\u00e3o seja acompanhada em tempo real, com a postura pr\u00f3pria de quem est\u00e1 rezando. O v\u00ednculo com a comunidade n\u00e3o cessou. Vivemos o tempo da espera do retorno para a eucaristia na comunidade. Sabemos que a celebra\u00e7\u00e3o eucar\u00edstica \u00e9 \u201cfonte e cume da vida da Igreja\u201d (LG 10). Contudo, vale recordar dois pontos. O primeiro \u00e9 que ningu\u00e9m pode se sentir isentado desta alegria do v\u00ednculo eclesial eucar\u00edstico, neste tempo da espera. O segundo, a compreens\u00e3o de que somos uma igreja eucar\u00edstica. Todos os batizados somos um em Cristo e os frutos de sua vida, morte e ressurrei\u00e7\u00e3o est\u00e3o na sua Igreja. Vivemos a comunh\u00e3o e miss\u00e3o eclesiais. Somos Igreja sempre, mesmo fisicamente e temporariamente distantes. Nossos padres, todos os dias, celebram a eucaristia nas inten\u00e7\u00f5es do povo da Diocese. N\u00e3o precisamos nos desesperar por n\u00e3o podermos participar plenamente da eucaristia, isto \u00e9, de comungar. Fazemos comunh\u00e3o com os irm\u00e3os e irm\u00e3s de f\u00e9, fazemos o bem cuidando dos outros, vivemos a miss\u00e3o na comunidade e, aguardamos o dia em que poderemos celebrar plenamente nossa comunh\u00e3o eclesial, isto \u00e9 a eucaristia. Como um post do facebook afirmou: \u201cA primeira aglomera\u00e7\u00e3o que eu quero \u00e9 ir \u00e0 Igreja, ver aquela casa lotada e todo mundo se emocionando, sentindo a presen\u00e7a de Deus e agradecendo por ter passado esta tempestade\u201d. Continuemos a viver a comunh\u00e3o e a miss\u00e3o eucar\u00edsticas, na espera do dia da plena celebra\u00e7\u00e3o.<\/p>\n<p style=\"text-align: justify\">\u00a0\u00a0\u00a0\u00a0\u00a0\u00a0\u00a0\u00a0\u00a0\u00a0\u00a0 Cuidar dos pobres e sofredores. N\u00e3o seremos crist\u00e3os aut\u00eanticos sem este olhar privilegiado e preferencial com os sofredores. Neste momento, sobretudo, s\u00e3o aben\u00e7oadas as iniciativas de aux\u00edlio aos que mais precisam. A Igreja \u00e9 como um \u201chospital de campanha\u201d, disse Francisco. Recordamos os profissionais da sa\u00fade e assistentes sociais. Nossas par\u00f3quias j\u00e1 foram motivadas a continuar sua miss\u00e3o de recolher e repassar os alimentos e produtos de higiene. V\u00e1rias outras iniciativas, sem serem noticiadas, est\u00e3o acontecendo na vida pessoal e familiar. Muito importante \u00e9 a disposi\u00e7\u00e3o de ouvir os que est\u00e3o passando por momentos dif\u00edceis, via telefone, nas par\u00f3quias. O cuidado \u00e9 amplo e exige proximidade sempre.<\/p>\n<p style=\"text-align: justify\">\u00a0\u00a0\u00a0\u00a0\u00a0\u00a0\u00a0\u00a0\u00a0\u00a0\u00a0 Meu convite \u00e9 que, na instabilidade deste momento, n\u00e3o percamos nunca a f\u00e9, a esperan\u00e7a e a caridade. Juntos iremos atravessar este deserto e sairemos melhores. A cada dia \u00e9 importante nos perguntarmos, o que estamos aprendendo com tudo isso? De maneira for\u00e7ada, talvez, aprendemos a viver com mais simplicidade, mas fraternos e solid\u00e1rios. Oremos pelos falecidos, cuidemo-nos uns dos outros e sejamos solid\u00e1rios.<\/p>\n<p>&nbsp;<\/p>\n<p>&nbsp;    \t<\/p>\n","protected":false},"excerpt":{"rendered":"<p>Dom Adelar Baruffi Bispo de Cruz Alta \u00a0 \u00a0\u00a0\u00a0\u00a0\u00a0\u00a0\u00a0\u00a0\u00a0\u00a0\u00a0 Vivemos um tempo que exige especial cuidado. O COVID 19, que nos tomou de surpresa, veio revirar nossa vida, nossos planos, nossa economia, nosso lazer, nossa sa\u00fade e, tamb\u00e9m, nossa f\u00e9. Por isso, a CNBB nos convidou a intensificar o que j\u00e1 fazemos, com um olhar &hellip;<\/p>\n<p class=\"read-more\"> <a class=\"\" href=\"https:\/\/www.cnbb.org.br\/tempo-de-cuidar\/\"> <span class=\"screen-reader-text\">Tempo de cuidar<\/span> Leia mais &raquo;<\/a><\/p>\n","protected":false},"author":26,"featured_media":0,"comment_status":"closed","ping_status":"open","sticky":false,"template":"","format":"standard","meta":{"site-sidebar-layout":"default","site-content-layout":"default","ast-global-header-display":"","ast-banner-title-visibility":"","ast-main-header-display":"","ast-hfb-above-header-display":"","ast-hfb-below-header-display":"","ast-hfb-mobile-header-display":"","site-post-title":"","ast-breadcrumbs-content":"","ast-featured-img":"","footer-sml-layout":"","theme-transparent-header-meta":"","adv-header-id-meta":"","stick-header-meta":"","header-above-stick-meta":"","header-main-stick-meta":"","header-below-stick-meta":""},"categories":[758],"tags":[],"acf":[],"_links":{"self":[{"href":"https:\/\/www.cnbb.org.br\/cnbb-app\/wp\/v2\/posts\/238659"}],"collection":[{"href":"https:\/\/www.cnbb.org.br\/cnbb-app\/wp\/v2\/posts"}],"about":[{"href":"https:\/\/www.cnbb.org.br\/cnbb-app\/wp\/v2\/types\/post"}],"author":[{"embeddable":true,"href":"https:\/\/www.cnbb.org.br\/cnbb-app\/wp\/v2\/users\/26"}],"replies":[{"embeddable":true,"href":"https:\/\/www.cnbb.org.br\/cnbb-app\/wp\/v2\/comments?post=238659"}],"version-history":[{"count":0,"href":"https:\/\/www.cnbb.org.br\/cnbb-app\/wp\/v2\/posts\/238659\/revisions"}],"wp:attachment":[{"href":"https:\/\/www.cnbb.org.br\/cnbb-app\/wp\/v2\/media?parent=238659"}],"wp:term":[{"taxonomy":"category","embeddable":true,"href":"https:\/\/www.cnbb.org.br\/cnbb-app\/wp\/v2\/categories?post=238659"},{"taxonomy":"post_tag","embeddable":true,"href":"https:\/\/www.cnbb.org.br\/cnbb-app\/wp\/v2\/tags?post=238659"}],"curies":[{"name":"wp","href":"https:\/\/api.w.org\/{rel}","templated":true}]}}