{"id":23871,"date":"2009-07-21T00:00:00","date_gmt":"2009-07-21T03:00:00","guid":{"rendered":"https:\/\/www.cnbb.org.br\/paroquias-de-porto-velho-recebem-delegacoes-para-dar-inicio-ao-12o-intereclesial-da-cebs\/"},"modified":"2009-07-21T00:00:00","modified_gmt":"2009-07-21T03:00:00","slug":"paroquias-de-porto-velho-recebem-delegacoes-para-dar-inicio-ao-12o-intereclesial-da-cebs","status":"publish","type":"post","link":"https:\/\/www.cnbb.org.br\/paroquias-de-porto-velho-recebem-delegacoes-para-dar-inicio-ao-12o-intereclesial-da-cebs\/","title":{"rendered":"Par\u00f3quias de Porto Velho recebem delega\u00e7\u00f5es para dar in\u00edcio ao 12\u00ba Intereclesial da CEBs"},"content":{"rendered":"<p style=\"text-align: justify\">\u201cA recep\u00e7\u00e3o do 12\u00ba Intereclesial das Comunidades Eclesiais de Base (CEBs) tem sido maravilhosa por parte do pessoal das par\u00f3quias\u201d, afirmou Maria Aparecida dos Santos, participante do Intereclesial, vinda com a delega\u00e7\u00e3o do Sul 1 da CNBB (S\u00e3o Paulo).<\/p>\n<p><!--more--><\/p>\n<p style=\"text-align: justify\">De acordo com a organizadora do evento, Magda Melo, este tem sido o retrato de todas as 16 par\u00f3quias da arquidiocese de Porto Velho. \u201cA princ\u00edpio, a fun\u00e7\u00e3o das par\u00f3quias eram encaminhar as delega\u00e7\u00f5es que chegam \u00e0 cidade para as fam\u00edlias credenciadas. Mas o que acontece na realidade \u00e9 simplesmente fant\u00e1stico, pois as par\u00f3quias, por livre iniciativa, est\u00e3o recepcionando, buscando no aeroporto ou na rodovi\u00e1ria, est\u00e3o servindo refei\u00e7\u00f5es aos visitantes, confraternizando com festas e shows musicais, entre outros\u201d, afirmou \u00e0 organizadora.<\/p>\n<p style=\"text-align: justify\">Para a coordenadora geral da par\u00f3quia Nossa Senhora das Gra\u00e7as, irm\u00e3 Maria da Luz a acolhida tem sido especial. \u201cEstamos recepcionando a caravana vinda do Regional Nordeste 5 da CNBB (Maranh\u00e3o), e estamos preparados para receb\u00ea-los da melhor maneira poss\u00edvel. Contamos com a participa\u00e7\u00e3o da comunidade, j\u00e1 que trabalhos com mais de 70 volunt\u00e1rios para nos ajudar no credenciamento, transporte, alimenta\u00e7\u00e3o e aux\u00edlio de qualquer natureza aos 150 delegados inscritos em nossa par\u00f3quia\u201d, enfatizou.<\/p>\n<p style=\"text-align: justify\">J\u00e1 para o coordenador geral da par\u00f3quia Sagrada Fam\u00edlia, Jos\u00e9 Vitorino a acolhida dos integrantes da comitiva vinda do Regional Oeste I da CNBB (Mato Grosso do Sul) \u00e9 feita com o maior entusiasmo poss\u00edvel pelos mais de 30 volunt\u00e1rios, pois de acordo com Vitorino, muito deles (volunt\u00e1rios) deixaram momentaneamente as pr\u00f3prias fam\u00edlias e amigos para se dedicarem exclusivamente ao 12\u00ba Intereclesial. \u201cMuitos que aqui hoje est\u00e3o nos ajudando pediram f\u00e9rias nos respectivos servi\u00e7os para poderem se dedicar a esta nobre miss\u00e3o que nos foi atribu\u00edda, que \u00e9 confraternizar com os nossos irm\u00e3os vindos das mais long\u00ednquas partes deste imenso Brasil\u201d, afirmou o coordenador, que ressalta ainda a import\u00e2ncia da comunidade no apoio. \u201ca colabora\u00e7\u00e3o da comunidade foi e \u00e9 muito importante, pois precisamos dos donativos doados para continuarmos a alimentar esses irm\u00e3os que em nossa casa chegam. Por isso pe\u00e7o que continuem a doar mantimentos, pois eles [mantimentos] s\u00e3o muito importantes no desenrolar do nosso trabalho\u201d.<\/p>\n<p style=\"text-align: justify\">\u201cAp\u00f3s passar dias viajando, chegar ao nosso destino e sermos contemplados com tanto amor e dedica\u00e7\u00e3o como estamos sendo tratados, \u00e9 algo pra ficar marcado em nossos cora\u00e7\u00f5es\u201d, afirmou Aparecida Ribeiro das Neves, vinda na delega\u00e7\u00e3o do Mato Grosso do Sul.<\/p>\n<p style=\"text-align: justify\">Na par\u00f3quia Nossa Senhora do Amparo, a coordenadora da acolhida, Marisa Isabel Frank explica que com os 45 volunt\u00e1rios com quem est\u00e1 trabalhando, a produtividade da par\u00f3quia est\u00e1 seguindo todos os progn\u00f3sticos previamente estabelecidos. \u201cDesde quinta-feira, 16, estamos recebendo os nossos convidados. A princ\u00edpio ficamos com receio, pois nunca hav\u00edamos participado de uma acolhida t\u00e3o grande como esta, no total 318 pessoas, sendo seis bispos. Mas logo constatamos que todos os esfor\u00e7os feitos antes, em nossas reuni\u00f5es, foram valiosos, pois n\u00e3o obtivemos nenhum incidente registrado at\u00e9 o momento\u201d, afirmou Mariza.<\/p>\n<p style=\"text-align: justify\">O 12\u00ba Intereclesial das CEBs come\u00e7a hoje, 21, em Porto Velho, capital do estado de Rond\u00f4nia, \u00e0s 19h, hor\u00e1rio local (20h, hor\u00e1rio de Bras\u00edlia) e segue at\u00e9 o dia 25.<\/p>\n","protected":false},"excerpt":{"rendered":"<p>\u201cA recep\u00e7\u00e3o do 12\u00ba Intereclesial das Comunidades Eclesiais de Base (CEBs) tem sido maravilhosa por parte do pessoal das par\u00f3quias\u201d, afirmou Maria Aparecida dos Santos, participante do Intereclesial, vinda com a delega\u00e7\u00e3o do Sul 1 da CNBB (S\u00e3o Paulo).<\/p>\n","protected":false},"author":83,"featured_media":23872,"comment_status":"open","ping_status":"open","sticky":false,"template":"","format":"standard","meta":{"site-sidebar-layout":"default","site-content-layout":"default","ast-global-header-display":"","ast-banner-title-visibility":"","ast-main-header-display":"","ast-hfb-above-header-display":"","ast-hfb-below-header-display":"","ast-hfb-mobile-header-display":"","site-post-title":"","ast-breadcrumbs-content":"","ast-featured-img":"","footer-sml-layout":"","theme-transparent-header-meta":"","adv-header-id-meta":"","stick-header-meta":"","header-above-stick-meta":"","header-main-stick-meta":"","header-below-stick-meta":""},"categories":[924,769],"tags":[],"acf":[],"_links":{"self":[{"href":"https:\/\/www.cnbb.org.br\/cnbb-app\/wp\/v2\/posts\/23871"}],"collection":[{"href":"https:\/\/www.cnbb.org.br\/cnbb-app\/wp\/v2\/posts"}],"about":[{"href":"https:\/\/www.cnbb.org.br\/cnbb-app\/wp\/v2\/types\/post"}],"author":[{"embeddable":true,"href":"https:\/\/www.cnbb.org.br\/cnbb-app\/wp\/v2\/users\/83"}],"replies":[{"embeddable":true,"href":"https:\/\/www.cnbb.org.br\/cnbb-app\/wp\/v2\/comments?post=23871"}],"version-history":[{"count":0,"href":"https:\/\/www.cnbb.org.br\/cnbb-app\/wp\/v2\/posts\/23871\/revisions"}],"wp:featuredmedia":[{"embeddable":true,"href":"https:\/\/www.cnbb.org.br\/cnbb-app\/wp\/v2\/media\/23872"}],"wp:attachment":[{"href":"https:\/\/www.cnbb.org.br\/cnbb-app\/wp\/v2\/media?parent=23871"}],"wp:term":[{"taxonomy":"category","embeddable":true,"href":"https:\/\/www.cnbb.org.br\/cnbb-app\/wp\/v2\/categories?post=23871"},{"taxonomy":"post_tag","embeddable":true,"href":"https:\/\/www.cnbb.org.br\/cnbb-app\/wp\/v2\/tags?post=23871"}],"curies":[{"name":"wp","href":"https:\/\/api.w.org\/{rel}","templated":true}]}}