{"id":238735,"date":"2020-05-25T15:00:30","date_gmt":"2020-05-25T18:00:30","guid":{"rendered":"https:\/\/www.cnbb.org.br\/?p=238735"},"modified":"2020-05-25T15:00:30","modified_gmt":"2020-05-25T18:00:30","slug":"comissao-para-ecologia-integral-e-mineracao-da-cnbb-promove-a-semana-laudato-si-5-anos-ecologia-integral-e-mineracao","status":"publish","type":"post","link":"https:\/\/www.cnbb.org.br\/comissao-para-ecologia-integral-e-mineracao-da-cnbb-promove-a-semana-laudato-si-5-anos-ecologia-integral-e-mineracao\/","title":{"rendered":"Celebra\u00e7\u00e3o hoje, \u00e0s 18h, em Brumadinho (MG), encerra a Semana Laudato Si&#8217;"},"content":{"rendered":"<p>A Semana Laudato Si&#8217; ser\u00e1 encerrada nesta segunda-feira, 25 de maio, com a missa presidida pelo bispo auxiliar de Belo Horizonte (MG) e membro da Comiss\u00e3o Episcopal para Ecologia Integral e Minera\u00e7\u00e3o da CNBB, dom Vicente de Paula Ferreira, direto de Brumadinho (MG). Neste m\u00eas de maio, a Enc\u00edclica <strong>\u201cLaudato S\u00ed &#8211; <\/strong>sobre o cuidado com a Casa Comum&#8221;, do Papa Francisco, completa cinco anos. No Brasil e no mundo, diversas iniciativas foram dinamizadas para o momento de celebra\u00e7\u00e3o do documento que convida a refletir sobre o futuro do planeta.<\/p>\n<p style=\"text-align: justify\">De 16 de maio at\u00e9 hoje, a Comiss\u00e3o Episcopal Pastoral Especial para Ecologia Integral e Minera\u00e7\u00e3o (CEEM) da Confer\u00eancia Nacional dos Bispos do Brasil (CNBB) vem promovendo a <strong>\u2018Semana Laudato Si&#8217;, 5 anos: Ecologia Integral e Minera\u00e7\u00e3o\u2019, <\/strong>com programa\u00e7\u00e3o nas redes sociais da CNBB, como a p\u00e1gina no Facebook e o canal no YouTube.<\/p>\n<p style=\"text-align: justify\">Foram realizados debates tem\u00e1ticos di\u00e1rios sobre a enc\u00edclica com representantes da comiss\u00e3o, professores e pesquisadores, membros do Conselho Nacional de Igrejas Crist\u00e3s (CONIC), Conselho Indigenista Mission\u00e1rio (CIMI), Comiss\u00e3o Pastoral da Terra (CPT) e da Comiss\u00e3o Pastoral da Pesca (CPP).<\/p>\n<p style=\"text-align: justify\">Hoje, dia 25 de maio, ser\u00e1 o encerramento da semana direto de Brumadinho (MG), onde o bispo auxiliar de Belo Horizonte e membro da comiss\u00e3o, dom Vicente Ferreira, vai presidir a Santa Missa, \u00e0s 18h. Na abertura da Semana Laudato Si&#8217;, quando celebrou missa no Santu\u00e1rio de Nossa Senhora da Piedade, no domingo, 17 de maio, dom Vicente afirmou que a enc\u00edclica, &#8220;esse belo, profundo e importante texto&#8221; se dirige ao mundo inteiro, &#8220;ao dizer que precisamos vivenciar a <strong>Ecologia Integral<\/strong> e resgatar a rela\u00e7\u00e3o do homem com o meio ambiente&#8221;.<\/p>\n<p style=\"text-align: justify\">Segundo dom Vicente, o Papa Francisco nos chama a aten\u00e7\u00e3o para viver o amor e &#8220;levar a <strong>Carta Enc\u00edclica Laudato Si\u2019<\/strong> em nossos cora\u00e7\u00f5es, pois estamos em um planeta doente, que sofre as consequ\u00eancias da destrui\u00e7\u00e3o ambiental. Que sejamos vocacionados a cuidar do nosso para\u00edso, assim como ensina Deus em seu mist\u00e9rio amoroso\u201d.<\/p>\n<p>A missa ser\u00e1 transmitida nas redes sociais da CNBB:<\/p>\n<p><a href=\"https:\/\/www.facebook.com\/cnbbnacional\" target=\"_blank\" rel=\"noopener\">Facebook<\/a><\/p>\n<p><a href=\"https:\/\/www.youtube.com\/user\/CNBBNacionalBrasilia\" target=\"_blank\" rel=\"noopener\">Youtube<\/a><\/p>\n<p><a href=\"https:\/\/twitter.com\/CNBBNacional\" target=\"_blank\" rel=\"noopener\">Twitter\u00a0<\/a><\/p>\n<p>&nbsp;<\/p>\n<p style=\"text-align: justify\">Nesses mesmos dias, os crist\u00e3os no mundo inteiro celebram a data atendendo ao convite feito pelo Santo Padre em mar\u00e7o. Na ocasi\u00e3o, Francisco deixou uma pergunta que motiva a celebra\u00e7\u00e3o: <em>\u201cQue tipo de mundo queremos deixar para aqueles que nos sucedem, para as crian\u00e7as que est\u00e3o crescendo?\u201d.<\/em><\/p>\n<blockquote>\n<p style=\"text-align: justify\"><em>O urgente desafio de proteger a nossa casa comum inclui a preocupa\u00e7\u00e3o de unir toda a fam\u00edlia humana na busca de um desenvolvimento sustent\u00e1vel e integral, pois sabemos que as coisas podem mudar. O Criador n\u00e3o nos abandona, nunca recua no seu projeto de amor, nem Se arrepende de nos ter criado. A humanidade possui ainda a capacidade de colaborar na constru\u00e7\u00e3o da nossa casa comum.<\/em><\/p>\n<p style=\"text-align: justify\"><em>Papa Francisco \u2013 Carta enc\u00edclica Laudato Si\u2019 (2015), 13<\/em><\/p>\n<\/blockquote>\n<p>&nbsp;<\/p>\n<p>Leia mais:<\/p>\n<p>https:\/\/www.cnbb.org.br\/30-ensinamentos-do-papa-francisco-na-enciclica-laudato-si\/<\/p>\n<p><a href=\"https:\/\/www.cnbb.org.br\/tag\/semana-laudato-si\/\">Confira a cobertura completa da Semana Laudato Si&#8217;\u00a0<\/a>    \t<\/p>\n","protected":false},"excerpt":{"rendered":"<p>O bispo auxiliar de Belo Horizonte (MG) e membro da Comiss\u00e3o de Ecologia Integral e Minera\u00e7\u00e3o da CNBB, dom Vicente de Paula Ferreira, vai presidir a Santa Missa, \u00e0s 18h. Ser\u00e1 poss\u00edvel acompanhar pelas redes sociais da CNBB: Facebook, Youtube e Twitter<\/p>\n","protected":false},"author":83,"featured_media":238842,"comment_status":"closed","ping_status":"open","sticky":false,"template":"","format":"standard","meta":{"site-sidebar-layout":"default","site-content-layout":"default","ast-global-header-display":"","ast-banner-title-visibility":"","ast-main-header-display":"","ast-hfb-above-header-display":"","ast-hfb-below-header-display":"","ast-hfb-mobile-header-display":"","site-post-title":"","ast-breadcrumbs-content":"","ast-featured-img":"","footer-sml-layout":"","theme-transparent-header-meta":"","adv-header-id-meta":"","stick-header-meta":"","header-above-stick-meta":"","header-main-stick-meta":"","header-below-stick-meta":""},"categories":[1616],"tags":[1850,2621,2004,1199,2114],"acf":[],"_links":{"self":[{"href":"https:\/\/www.cnbb.org.br\/cnbb-app\/wp\/v2\/posts\/238735"}],"collection":[{"href":"https:\/\/www.cnbb.org.br\/cnbb-app\/wp\/v2\/posts"}],"about":[{"href":"https:\/\/www.cnbb.org.br\/cnbb-app\/wp\/v2\/types\/post"}],"author":[{"embeddable":true,"href":"https:\/\/www.cnbb.org.br\/cnbb-app\/wp\/v2\/users\/83"}],"replies":[{"embeddable":true,"href":"https:\/\/www.cnbb.org.br\/cnbb-app\/wp\/v2\/comments?post=238735"}],"version-history":[{"count":0,"href":"https:\/\/www.cnbb.org.br\/cnbb-app\/wp\/v2\/posts\/238735\/revisions"}],"wp:featuredmedia":[{"embeddable":true,"href":"https:\/\/www.cnbb.org.br\/cnbb-app\/wp\/v2\/media\/238842"}],"wp:attachment":[{"href":"https:\/\/www.cnbb.org.br\/cnbb-app\/wp\/v2\/media?parent=238735"}],"wp:term":[{"taxonomy":"category","embeddable":true,"href":"https:\/\/www.cnbb.org.br\/cnbb-app\/wp\/v2\/categories?post=238735"},{"taxonomy":"post_tag","embeddable":true,"href":"https:\/\/www.cnbb.org.br\/cnbb-app\/wp\/v2\/tags?post=238735"}],"curies":[{"name":"wp","href":"https:\/\/api.w.org\/{rel}","templated":true}]}}