{"id":238755,"date":"2020-05-14T11:12:00","date_gmt":"2020-05-14T14:12:00","guid":{"rendered":"https:\/\/www.cnbb.org.br\/?p=238755"},"modified":"2020-09-08T14:09:14","modified_gmt":"2020-09-08T17:09:14","slug":"oracao-universal-14-de-maio-de-2020","status":"publish","type":"post","link":"https:\/\/www.cnbb.org.br\/oracao-universal-14-de-maio-de-2020\/","title":{"rendered":"Ora\u00e7\u00e3o Universal &#8211; 14 de maio de 2020"},"content":{"rendered":"<p style=\"text-align: right\"><strong>Dom Eurico Veloso<\/strong><br \/>\n<strong>Arcebispo Em\u00e9rito de Juiz de Fora (MG)<\/strong><\/p>\n<p>&nbsp;<\/p>\n<p>&nbsp;<\/p>\n<p style=\"text-align: justify\"><em>\u201cA ora\u00e7\u00e3o justamente alcan\u00e7a a sua efic\u00e1cia m\u00e1xima em impetrar o aux\u00edlio do C\u00e9u, quando \u00e9 elevada publicamente, com perseveran\u00e7a e conc\u00f3rdia, por muitos fi\u00e9is que formem um s\u00f3 coro de suplicantes\u201d. (Papa Le\u00e3o XIII)<\/em><\/p>\n<p style=\"text-align: justify\">\u00a0\u00a0\u00a0\u00a0\u00a0\u00a0\u00a0\u00a0 Neste dia 14 de maio, somos convidados a unirmos, espiritualmente, com todas os crentes das mais diversas confiss\u00f5es religi\u00f5es numa s\u00f3 corrente de perseveran\u00e7a e amor. Unidos atrav\u00e9s da ora\u00e7\u00e3o, jejum e obras de caridade, a fim de suplicarmos a Deus para superarmos a pandemia que assombra os nossos dias.<\/p>\n<p style=\"text-align: justify\">\u00a0\u00a0\u00a0\u00a0\u00a0\u00a0\u00a0\u00a0 Assim como ocorreu em Jeric\u00f3, onde UNIDOS, sejamos como guerreiros marchando com a arca do Senhor, na certeza que as \u201cmuralhas desta pandemia\u201d ser\u00e3o derrubadas; como em N\u00ednive onde o rei e o povo clamaram a Deus com todas as suas for\u00e7as, arrependendo-se dos seus maus h\u00e1bitos a fim de preserva\u00e7\u00e3o de suas vidas; como a rainha Ester que suplicou pela vida e salva\u00e7\u00e3o do seu povo; e assim como a Virgem Sant\u00edssima, que intercedeu ao seu Filho, Jesus, nas bodas de Can\u00e1 na Galileia, onde a M\u00e3e de Deus nos deixa uma exorta\u00e7\u00e3o: <em>\u201cFazei tudo quanto ele vos disser\u201d<\/em> (cf. Jo 2, 5b).<\/p>\n<p style=\"text-align: justify\">\u00a0\u00a0\u00a0\u00a0\u00a0\u00a0\u00a0\u00a0 Ora, h\u00e1 tantos outros exemplos que, atrav\u00e9s da ora\u00e7\u00e3o dissiparam o mal vividos pela sociedade, afinal \u201c<em>a ora\u00e7\u00e3o dos humildes penetra nas nuvens; ele n\u00e3o se consolar\u00e1, enquanto ela n\u00e3o chegar a Deus, e n\u00e3o se afastar\u00e1, enquanto o Alt\u00edssimo n\u00e3o puser nela os olhos<\/em>\u201d (cf. Eclo 35,21). E Jesus, complementa: \u201c<em>Em verdade, em verdade vos digo: o que pedirdes ao Pai em meu nome, Ele vo-lo dar\u00e1. At\u00e9 agora n\u00e3o pedistes nada em meu nome. Pedi e recebereis, para que a vossa alegria seja perfeita\u201d <\/em>(cf. Jo 16, 23-24).<\/p>\n<p style=\"text-align: justify\">\u00a0\u00a0\u00a0\u00a0\u00a0\u00a0\u00a0\u00a0 O Papa Francisco pede que cada um de n\u00f3s, no dia 14 de maio, fa\u00e7amos intensa jornada de ora\u00e7\u00e3o, de penit\u00eancia e de jejum pelo fim do COVID-19. O fruto de nosso jejum, com a quantia financeira referente, dever\u00e1 ser aplicado integralmente no aux\u00edlio dos pobres. Seria muito edificante ao final do dia entregar aos mais pobres o fruto de seu jejum!<\/p>\n<p style=\"text-align: justify\">\u00a0\u00a0\u00a0\u00a0\u00a0\u00a0\u00a0\u00a0 Certos disto, sejamos fi\u00e9is na miseric\u00f3rdia de Deus, confiando nossas ora\u00e7\u00f5es para que, a nossa sociedade contempor\u00e2nea, livre-se n\u00e3o somente do mal da pandemia, mas de toda indiferen\u00e7a, ego\u00edsmo, todo mal que circundam nossos cora\u00e7\u00f5es. E confiantes que <em>\u201ca Ora\u00e7\u00e3o \u00e9 a mais s\u00f3lida e indestrut\u00edvel base de todas as obras\u201d. <\/em>(S\u00e3o Pio).<\/p>\n<p style=\"text-align: justify\">Oremos sem cessar! Oremos com muita f\u00e9! Oremos com verdadeira e aut\u00eantica piedade! Unidos em Deus na Ora\u00e7\u00e3o! Firmes e austeros no jejum e na penit\u00eancia, pe\u00e7amos a cura da pandemia e que esta doen\u00e7a seja vencida e encontrada a cura, Am\u00e9m!<\/p>\n<p style=\"text-align: justify\">Sauda\u00e7\u00f5es em Cristo Ressuscitado! S\u00e3o Matias, testemunha do Senhor Ressuscitado, nos ajude a testemunhar o poder da gra\u00e7a do Redentor!<\/p>\n<p style=\"text-align: justify\">\n<p style=\"text-align: justify\">\n","protected":false},"excerpt":{"rendered":"<p>Dom Eurico Veloso Arcebispo Em\u00e9rito de Juiz de Fora (MG) &nbsp; &nbsp; \u201cA ora\u00e7\u00e3o justamente alcan\u00e7a a sua efic\u00e1cia m\u00e1xima em impetrar o aux\u00edlio do C\u00e9u, quando \u00e9 elevada publicamente, com perseveran\u00e7a e conc\u00f3rdia, por muitos fi\u00e9is que formem um s\u00f3 coro de suplicantes\u201d. (Papa Le\u00e3o XIII) \u00a0\u00a0\u00a0\u00a0\u00a0\u00a0\u00a0\u00a0 Neste dia 14 de maio, somos convidados &hellip;<\/p>\n<p class=\"read-more\"> <a class=\"\" href=\"https:\/\/www.cnbb.org.br\/oracao-universal-14-de-maio-de-2020\/\"> <span class=\"screen-reader-text\">Ora\u00e7\u00e3o Universal &#8211; 14 de maio de 2020<\/span> Leia mais &raquo;<\/a><\/p>\n","protected":false},"author":73,"featured_media":0,"comment_status":"closed","ping_status":"open","sticky":false,"template":"","format":"standard","meta":{"site-sidebar-layout":"default","site-content-layout":"default","ast-global-header-display":"","ast-banner-title-visibility":"","ast-main-header-display":"","ast-hfb-above-header-display":"","ast-hfb-below-header-display":"","ast-hfb-mobile-header-display":"","site-post-title":"","ast-breadcrumbs-content":"","ast-featured-img":"","footer-sml-layout":"","theme-transparent-header-meta":"","adv-header-id-meta":"","stick-header-meta":"","header-above-stick-meta":"","header-main-stick-meta":"","header-below-stick-meta":""},"categories":[758],"tags":[],"acf":[],"_links":{"self":[{"href":"https:\/\/www.cnbb.org.br\/cnbb-app\/wp\/v2\/posts\/238755"}],"collection":[{"href":"https:\/\/www.cnbb.org.br\/cnbb-app\/wp\/v2\/posts"}],"about":[{"href":"https:\/\/www.cnbb.org.br\/cnbb-app\/wp\/v2\/types\/post"}],"author":[{"embeddable":true,"href":"https:\/\/www.cnbb.org.br\/cnbb-app\/wp\/v2\/users\/73"}],"replies":[{"embeddable":true,"href":"https:\/\/www.cnbb.org.br\/cnbb-app\/wp\/v2\/comments?post=238755"}],"version-history":[{"count":0,"href":"https:\/\/www.cnbb.org.br\/cnbb-app\/wp\/v2\/posts\/238755\/revisions"}],"wp:attachment":[{"href":"https:\/\/www.cnbb.org.br\/cnbb-app\/wp\/v2\/media?parent=238755"}],"wp:term":[{"taxonomy":"category","embeddable":true,"href":"https:\/\/www.cnbb.org.br\/cnbb-app\/wp\/v2\/categories?post=238755"},{"taxonomy":"post_tag","embeddable":true,"href":"https:\/\/www.cnbb.org.br\/cnbb-app\/wp\/v2\/tags?post=238755"}],"curies":[{"name":"wp","href":"https:\/\/api.w.org\/{rel}","templated":true}]}}