{"id":238811,"date":"2020-05-14T14:14:19","date_gmt":"2020-05-14T17:14:19","guid":{"rendered":"https:\/\/www.cnbb.org.br\/?p=238811"},"modified":"2020-09-08T14:09:13","modified_gmt":"2020-09-08T17:09:13","slug":"nao-vos-deixarei-orfaos","status":"publish","type":"post","link":"https:\/\/www.cnbb.org.br\/nao-vos-deixarei-orfaos\/","title":{"rendered":"\u201cN\u00e3o vos deixarei \u00f3rf\u00e3os\u201d"},"content":{"rendered":"<p style=\"text-align: right\"><strong>Dom Rodolfo Lu\u00eds Weber<\/strong><br \/>\n<strong>Arcebispo de Passo Fundo<\/strong><\/p>\n<p>&nbsp;<\/p>\n<p style=\"text-align: justify\">O Tempo Pascal, que na liturgia cat\u00f3lica vai da P\u00e1scoa at\u00e9 Pentecostes, est\u00e1 indo para as duas \u00faltimas semanas. O ambiente descrito nos textos b\u00edblicos \u00e9 de despedida, pois a forma da presen\u00e7a de Jesus Cristo ressuscitado sofrer\u00e1 uma mudan\u00e7a significativa. O texto b\u00edblico deste domingo \u00e9 Jo\u00e3o 14,15-21 no qual Jesus prepara os disc\u00edpulos para a nova etapa das suas vidas, afirmando claramente que \u201cn\u00e3o os deixar\u00e1 \u00f3rf\u00e3os\u201d. O abandono poder\u00e1 acontecer por parte dos disc\u00edpulos, mas n\u00e3o da parte de Jesus.<\/p>\n<p style=\"text-align: justify\">At\u00e9 o momento que Jesus foi preso, torturado, morto e depois ressuscitou os disc\u00edpulos sentiam-se seguros, protegidos e muito bem conduzidos. Jesus os conduzia por um caminho seguro, pois Ele mesmo era o caminho. Em meio a tantas d\u00favidas, mentiras, incertezas e ang\u00fastias ouviam palavras ensinadas com autoridade, pois Jesus era Verdade. Em meio a tantos sinais de morte \u2013 doen\u00e7as, corrup\u00e7\u00e3o, \u00f3dios, condena\u00e7\u00f5es injustas, explora\u00e7\u00e3o dos mais fr\u00e1geis da sociedade, assassinatos \u2013 Jesus era a Vida, pois onde passava florescia a vida. S\u00e3o Pedro resume a a\u00e7\u00e3o dele com quem \u201cpassou pelo mundo fazendo o bem\u201d.<\/p>\n<p style=\"text-align: justify\">E agora, como prosseguir o caminho sem esta maneira bem humana de conviv\u00eancia com Aquele que tinham depositado a confian\u00e7a e que lhes dava seguran\u00e7a? A iniciativa e a resposta \u00e9 o pr\u00f3prio Jesus que oferece. \u201cN\u00e3o se perturbe, nem se atemorize o vosso cora\u00e7\u00e3o\u201d (Jo 14,1.27), repete duas vezes, e acrescenta porque \u201cn\u00e3o vos deixarei \u00f3rf\u00e3os\u201d. Isto \u00e9, desamparados, abandonados, sem rumo e expostos a todas as formas de explora\u00e7\u00e3o. Afirma que vai rezar ao Pai, que \u201cdar\u00e1 um outro Defensor, para que permane\u00e7a sempre convosco: o Esp\u00edrito da Verdade\u201d.<\/p>\n<p style=\"text-align: justify\">Mas o v\u00ednculo que manter\u00e1 unidos eternamente os disc\u00edpulos e o mestre Jesus \u00e9 o amor e a viv\u00eancia dos mandamentos. Quando fazemos a experi\u00eancia da orfandade, por ocasi\u00e3o da morte dos pais, o v\u00ednculo que n\u00e3o \u00e9 rompido \u00e9 o do amor existente entre filhos e pais e a viv\u00eancia dos ensinamentos recebidos. Esta rela\u00e7\u00e3o situa-se na livre escolha dos filhos de amarem os pais e viverem o que lhes foi transmitido.<\/p>\n<p style=\"text-align: justify\">Por isso Jesus diz: \u201cse me amais, guardareis os meus mandamentos\u201d. O amor se torna a condi\u00e7\u00e3o para cumprir os mandamentos, da mesma forma ser\u00e1 a prova do amor para com ele. Isto tamb\u00e9m se chama de f\u00e9, pois denota ades\u00e3o pessoal que culmina no amor. A ades\u00e3o pessoal \u00e0 pessoa de Jesus e aos seus ensinamentos transforma-se em impulso de identifica\u00e7\u00e3o. \u00c9 orienta\u00e7\u00e3o da vida conforme as exig\u00eancias do amor, que n\u00e3o \u00e9 lei externa, mas sim express\u00e3o exterior de ades\u00e3o e sintonia com Jesus.<\/p>\n<p style=\"text-align: justify\">N\u00e3o estamos \u00f3rf\u00e3os, mesmo que o contexto seja de inseguran\u00e7a, pois somos amados.<\/p>\n","protected":false},"excerpt":{"rendered":"<p>Dom Rodolfo Lu\u00eds Weber Arcebispo de Passo Fundo &nbsp; O Tempo Pascal, que na liturgia cat\u00f3lica vai da P\u00e1scoa at\u00e9 Pentecostes, est\u00e1 indo para as duas \u00faltimas semanas. O ambiente descrito nos textos b\u00edblicos \u00e9 de despedida, pois a forma da presen\u00e7a de Jesus Cristo ressuscitado sofrer\u00e1 uma mudan\u00e7a significativa. O texto b\u00edblico deste domingo &hellip;<\/p>\n<p class=\"read-more\"> <a class=\"\" href=\"https:\/\/www.cnbb.org.br\/nao-vos-deixarei-orfaos\/\"> <span class=\"screen-reader-text\">\u201cN\u00e3o vos deixarei \u00f3rf\u00e3os\u201d<\/span> Leia mais &raquo;<\/a><\/p>\n","protected":false},"author":27,"featured_media":0,"comment_status":"closed","ping_status":"open","sticky":false,"template":"","format":"standard","meta":{"site-sidebar-layout":"default","site-content-layout":"default","ast-global-header-display":"","ast-banner-title-visibility":"","ast-main-header-display":"","ast-hfb-above-header-display":"","ast-hfb-below-header-display":"","ast-hfb-mobile-header-display":"","site-post-title":"","ast-breadcrumbs-content":"","ast-featured-img":"","footer-sml-layout":"","theme-transparent-header-meta":"","adv-header-id-meta":"","stick-header-meta":"","header-above-stick-meta":"","header-main-stick-meta":"","header-below-stick-meta":""},"categories":[758],"tags":[],"acf":[],"_links":{"self":[{"href":"https:\/\/www.cnbb.org.br\/cnbb-app\/wp\/v2\/posts\/238811"}],"collection":[{"href":"https:\/\/www.cnbb.org.br\/cnbb-app\/wp\/v2\/posts"}],"about":[{"href":"https:\/\/www.cnbb.org.br\/cnbb-app\/wp\/v2\/types\/post"}],"author":[{"embeddable":true,"href":"https:\/\/www.cnbb.org.br\/cnbb-app\/wp\/v2\/users\/27"}],"replies":[{"embeddable":true,"href":"https:\/\/www.cnbb.org.br\/cnbb-app\/wp\/v2\/comments?post=238811"}],"version-history":[{"count":0,"href":"https:\/\/www.cnbb.org.br\/cnbb-app\/wp\/v2\/posts\/238811\/revisions"}],"wp:attachment":[{"href":"https:\/\/www.cnbb.org.br\/cnbb-app\/wp\/v2\/media?parent=238811"}],"wp:term":[{"taxonomy":"category","embeddable":true,"href":"https:\/\/www.cnbb.org.br\/cnbb-app\/wp\/v2\/categories?post=238811"},{"taxonomy":"post_tag","embeddable":true,"href":"https:\/\/www.cnbb.org.br\/cnbb-app\/wp\/v2\/tags?post=238811"}],"curies":[{"name":"wp","href":"https:\/\/api.w.org\/{rel}","templated":true}]}}