{"id":23882,"date":"2010-07-27T00:00:00","date_gmt":"2010-07-27T03:00:00","guid":{"rendered":"https:\/\/www.cnbb.org.br\/encontro-regional-das-cebs-em-ji-parana\/"},"modified":"2010-07-27T00:00:00","modified_gmt":"2010-07-27T03:00:00","slug":"encontro-regional-das-cebs-em-ji-parana","status":"publish","type":"post","link":"https:\/\/www.cnbb.org.br\/encontro-regional-das-cebs-em-ji-parana\/","title":{"rendered":"Encontro Regional das CEBs em Vilhena"},"content":{"rendered":"<p style=\"text-align: justify\">Acontece, na diocese de Ji-Paran\u00e1 (RO), o encontro do Setor CEBs do estado de Rond\u00f4nia, e tem como tema: \u201cA Igreja na Amaz\u00f4nia, antes e depois do 12\u00ba Intereclesial das CEBs\u201d. O evento \u00e9 coordenado pelo assessor da Dimens\u00e3o Mission\u00e1ria da Confer\u00eancia Nacional dos Bispos do Brasil (CNBB), padre Jos\u00e9 Altevir.<\/p>\n<p><!--more--><\/p>\n<p style=\"text-align: justify\">Padre Altevir j\u00e1 atuou como mission\u00e1rio durante seis anos em Vilhena (RO), mesma cidade onde se realiza o encontro das CEBs. Ele desenvolveu sua palestra para 250 l\u00edderes, representantes de 56 CEBs do Regional. O encontro foi marcado pela din\u00e2mica dos verbos: Conhecer, compreender, comprometer, unir, amar,participar, inculturar, preservar, reflorestar, defender,\u00a0 transformar e Evangelizar. Tudo dentro da \u00f3tica mission\u00e1ria das CEBs.<\/p>\n<p style=\"text-align: justify\">\u201cA quest\u00e3o mission\u00e1ria do leigo foi o ponto chave para ajudar na reanima\u00e7\u00e3o das nossas comunidades\u201d, destacou padre Altevir. O assessor dizia ainda que a miss\u00e3o decorre de um projeto de vida, elaborado pela Trindade, para toda cria\u00e7\u00e3o.<\/p>\n<p style=\"text-align: justify\">Al\u00e9m da forma\u00e7\u00e3o, padre Jos\u00e9 Altevir tamb\u00e9m celebrou missa em duas Comunidades Eclesiais de Base. Nossa Senhora Aparecida, no dia 24 de Julho \u00e0s 19:00h\u00a0 e\u00a0 Nossa Senhora Auxiliadora as 19:00h do dia 25, com\u00a0 a presen\u00e7a de\u00a0 700 pessoas, as quais ficaram felizes por rever e celebrar com o grande amigo e Mestre. O encontro foi coroado com a Celebra\u00e7\u00e3o da Palavra e da Eucaristia, dois grandes sustent\u00e1culos das Comunidades Eclesiais de Base.<\/p>\n","protected":false},"excerpt":{"rendered":"<p>Acontece, na diocese de Ji-Paran\u00e1 (RO), o encontro do Setor CEBs do estado de Rond\u00f4nia, e tem como tema: \u201cA Igreja na Amaz\u00f4nia, antes e depois do 12\u00ba Intereclesial das CEBs\u201d. O evento \u00e9 coordenado pelo assessor da Dimens\u00e3o Mission\u00e1ria da Confer\u00eancia Nacional dos Bispos do Brasil (CNBB), padre Jos\u00e9 Altevir.<\/p>\n","protected":false},"author":83,"featured_media":23883,"comment_status":"open","ping_status":"open","sticky":false,"template":"","format":"standard","meta":{"site-sidebar-layout":"default","site-content-layout":"default","ast-global-header-display":"","ast-banner-title-visibility":"","ast-main-header-display":"","ast-hfb-above-header-display":"","ast-hfb-below-header-display":"","ast-hfb-mobile-header-display":"","site-post-title":"","ast-breadcrumbs-content":"","ast-featured-img":"","footer-sml-layout":"","theme-transparent-header-meta":"","adv-header-id-meta":"","stick-header-meta":"","header-above-stick-meta":"","header-main-stick-meta":"","header-below-stick-meta":""},"categories":[821,769],"tags":[],"acf":[],"_links":{"self":[{"href":"https:\/\/www.cnbb.org.br\/cnbb-app\/wp\/v2\/posts\/23882"}],"collection":[{"href":"https:\/\/www.cnbb.org.br\/cnbb-app\/wp\/v2\/posts"}],"about":[{"href":"https:\/\/www.cnbb.org.br\/cnbb-app\/wp\/v2\/types\/post"}],"author":[{"embeddable":true,"href":"https:\/\/www.cnbb.org.br\/cnbb-app\/wp\/v2\/users\/83"}],"replies":[{"embeddable":true,"href":"https:\/\/www.cnbb.org.br\/cnbb-app\/wp\/v2\/comments?post=23882"}],"version-history":[{"count":0,"href":"https:\/\/www.cnbb.org.br\/cnbb-app\/wp\/v2\/posts\/23882\/revisions"}],"wp:featuredmedia":[{"embeddable":true,"href":"https:\/\/www.cnbb.org.br\/cnbb-app\/wp\/v2\/media\/23883"}],"wp:attachment":[{"href":"https:\/\/www.cnbb.org.br\/cnbb-app\/wp\/v2\/media?parent=23882"}],"wp:term":[{"taxonomy":"category","embeddable":true,"href":"https:\/\/www.cnbb.org.br\/cnbb-app\/wp\/v2\/categories?post=23882"},{"taxonomy":"post_tag","embeddable":true,"href":"https:\/\/www.cnbb.org.br\/cnbb-app\/wp\/v2\/tags?post=23882"}],"curies":[{"name":"wp","href":"https:\/\/api.w.org\/{rel}","templated":true}]}}