{"id":238830,"date":"2020-05-15T11:00:30","date_gmt":"2020-05-15T14:00:30","guid":{"rendered":"https:\/\/www.cnbb.org.br\/?p=238830"},"modified":"2020-09-08T14:09:12","modified_gmt":"2020-09-08T17:09:12","slug":"oracao-em-casa-na-pandemia","status":"publish","type":"post","link":"https:\/\/www.cnbb.org.br\/oracao-em-casa-na-pandemia\/","title":{"rendered":"Ora\u00e7\u00e3o em casa na pandemia"},"content":{"rendered":"<p style=\"text-align: right\"><strong>Dom Paulo Mendes Peixoto<\/strong><br \/>\n<strong>Arcebispo de Uberaba<\/strong><\/p>\n<p style=\"text-align: justify\">\n<p style=\"text-align: justify\">O isolamento social \u201dexpulsou\u201d as pessoas das ruas e exigiu delas um gesto de sacrif\u00edcio, de paci\u00eancia, de conviv\u00eancia e de defesa contra a contamina\u00e7\u00e3o do coronavirus. Certamente isso veio provocar uma reflex\u00e3o sobre o sentido verdadeiro de fam\u00edlia, de lar, lareira, como express\u00e3o de calor humano na conviv\u00eancia. Pode estar sendo um momento dif\u00edcil, porque perdemos a beleza do conviver familiar.<\/p>\n<p style=\"text-align: justify\">Para quem sempre participava das atividades religiosas de sua comunidade paroquial, certamente est\u00e1 sentindo um vazio na sua express\u00e3o de f\u00e9. As par\u00f3quias est\u00e3o se esfor\u00e7ando no uso dos meios de comunica\u00e7\u00e3o para n\u00e3o deixar seus fieis desamparados. Missas e outros momentos celebrativos t\u00eam sido transmitidos via TV, R\u00e1dio e Redes Sociais, mas sem presen\u00e7a de p\u00fablico.<\/p>\n<p style=\"text-align: justify\">Pelo batismo todo crist\u00e3o passa a pertencer \u00e0 comunidade Igreja, faz corpo e unidade com os demais, principalmente quando se encontram unidos na mesma f\u00e9 para suas ora\u00e7\u00f5es. Isto n\u00e3o significa ser apenas dentro do templo e n\u00e3o importa o lugar. Neste isolamento social, a casa de fam\u00edlia passa a ser verdadeira Igreja Dom\u00e9stica, com a presen\u00e7a de Jesus Cristo atrav\u00e9s dos momentos de ora\u00e7\u00e3o.<\/p>\n<p style=\"text-align: justify\">A identidade familiar perdeu diversos dos seus valores na cultura dos \u00faltimos tempos. Tem havido muita falta da unidade entre os membros dentro do lar, fruto de um modelo de vida centrado na pr\u00e1tica do individualismo. Agora, com a pandemia, o isolamento social, a retomada da unidade deve ter exigido muito esfor\u00e7o em muitas fam\u00edlias, desacostumadas com esse estilo de conviv\u00eancia.<\/p>\n<p style=\"text-align: justify\">H\u00e1 uma express\u00e3o citada pelo Papa Francisco em que ele diz que \u201co tempo \u00e9 superior ao espa\u00e7o\u201d. Com isto podemos dizer que a vida crist\u00e3 n\u00e3o se restringir \u00e0 realiza\u00e7\u00e3o de celebra\u00e7\u00f5es em espa\u00e7os f\u00edsicos determinados, mas na condu\u00e7\u00e3o da espiritualidade concreta durante a vida toda. Isso pode ser tamb\u00e9m em casa como agora no tempo da pandemia, que impede a participa\u00e7\u00e3o na comunidade.<\/p>\n<p style=\"text-align: justify\">Precisamos entender que a Covid-19 trouxe um enorme espa\u00e7o de oportunidade para a viv\u00eancia crist\u00e3 no seio familiar. Deus permite situa\u00e7\u00f5es inusitadas para despertar a sensibilidade para com a f\u00e9 e com a vida, atitudes t\u00e3o fragilizadas nos \u00faltimos tempos. Nenhum crist\u00e3o est\u00e1 sendo diminu\u00eddo pelo fato de ficar em casa. Pelo contr\u00e1rio, est\u00e1 exercendo o bonito gesto da solidariedade fraterna.<\/p>\n<p>&nbsp;    \t<\/p>\n","protected":false},"excerpt":{"rendered":"<p>Dom Paulo Mendes Peixoto Arcebispo de Uberaba O isolamento social \u201dexpulsou\u201d as pessoas das ruas e exigiu delas um gesto de sacrif\u00edcio, de paci\u00eancia, de conviv\u00eancia e de defesa contra a contamina\u00e7\u00e3o do coronavirus. Certamente isso veio provocar uma reflex\u00e3o sobre o sentido verdadeiro de fam\u00edlia, de lar, lareira, como express\u00e3o de calor humano na &hellip;<\/p>\n<p class=\"read-more\"> <a class=\"\" href=\"https:\/\/www.cnbb.org.br\/oracao-em-casa-na-pandemia\/\"> <span class=\"screen-reader-text\">Ora\u00e7\u00e3o em casa na pandemia<\/span> Leia mais &raquo;<\/a><\/p>\n","protected":false},"author":25,"featured_media":0,"comment_status":"closed","ping_status":"open","sticky":false,"template":"","format":"standard","meta":{"site-sidebar-layout":"default","site-content-layout":"default","ast-global-header-display":"","ast-banner-title-visibility":"","ast-main-header-display":"","ast-hfb-above-header-display":"","ast-hfb-below-header-display":"","ast-hfb-mobile-header-display":"","site-post-title":"","ast-breadcrumbs-content":"","ast-featured-img":"","footer-sml-layout":"","theme-transparent-header-meta":"","adv-header-id-meta":"","stick-header-meta":"","header-above-stick-meta":"","header-main-stick-meta":"","header-below-stick-meta":""},"categories":[758],"tags":[],"acf":[],"_links":{"self":[{"href":"https:\/\/www.cnbb.org.br\/cnbb-app\/wp\/v2\/posts\/238830"}],"collection":[{"href":"https:\/\/www.cnbb.org.br\/cnbb-app\/wp\/v2\/posts"}],"about":[{"href":"https:\/\/www.cnbb.org.br\/cnbb-app\/wp\/v2\/types\/post"}],"author":[{"embeddable":true,"href":"https:\/\/www.cnbb.org.br\/cnbb-app\/wp\/v2\/users\/25"}],"replies":[{"embeddable":true,"href":"https:\/\/www.cnbb.org.br\/cnbb-app\/wp\/v2\/comments?post=238830"}],"version-history":[{"count":0,"href":"https:\/\/www.cnbb.org.br\/cnbb-app\/wp\/v2\/posts\/238830\/revisions"}],"wp:attachment":[{"href":"https:\/\/www.cnbb.org.br\/cnbb-app\/wp\/v2\/media?parent=238830"}],"wp:term":[{"taxonomy":"category","embeddable":true,"href":"https:\/\/www.cnbb.org.br\/cnbb-app\/wp\/v2\/categories?post=238830"},{"taxonomy":"post_tag","embeddable":true,"href":"https:\/\/www.cnbb.org.br\/cnbb-app\/wp\/v2\/tags?post=238830"}],"curies":[{"name":"wp","href":"https:\/\/api.w.org\/{rel}","templated":true}]}}