{"id":238840,"date":"2020-05-15T11:09:56","date_gmt":"2020-05-15T14:09:56","guid":{"rendered":"https:\/\/www.cnbb.org.br\/?p=238840"},"modified":"2020-09-08T14:09:10","modified_gmt":"2020-09-08T17:09:10","slug":"fatima-a-mensagem","status":"publish","type":"post","link":"https:\/\/www.cnbb.org.br\/fatima-a-mensagem\/","title":{"rendered":"F\u00e1tima, a mensagem"},"content":{"rendered":"<p style=\"text-align: right\"><strong>Dom Fernando Ar\u00eaas Rifan<\/strong><br \/>\n<strong>Bispo da Administra\u00e7\u00e3o Apost\u00f3lica Pessoal S\u00e3o Jo\u00e3o Maria Vianney<\/strong><\/p>\n<p style=\"text-align: justify\">\n<p style=\"text-align: justify\">Hoje celebramos Nossa Senhora de F\u00e1tima, por ser o dia da sua 1\u00aa apari\u00e7\u00e3o aos tr\u00eas pastorinhos em F\u00e1tima, cidade de Portugal. De l\u00e1, essa devo\u00e7\u00e3o se espalhou e chegou ao Brasil.<\/p>\n<p style=\"text-align: justify\">E sua apari\u00e7\u00e3o se deu em plena primeira guerra mundial. Desastre completo. Depois veio a segunda guerra, pior, quando as for\u00e7as totalit\u00e1rias e desastrosas do nazismo de Hitler foram vencidas pelos aliados, entre os quais estava tamb\u00e9m uma outra for\u00e7a totalit\u00e1ria, n\u00e3o menos desastrosa, o comunismo de Joseph Stalin.<\/p>\n<p style=\"text-align: justify\">Em F\u00e1tima, Nossa Senhora nos alerta, entre outras coisas, contra o perigo do materialismo comunista e seu esquecimento dos bens espirituais e eternos, erro que, conforme sua predi\u00e7\u00e3o, vai cada vez mais se espalhando na sociedade moderna, vivendo os homens como se Deus n\u00e3o existisse: o ate\u00edsmo pr\u00e1tico, o secularismo. Todos os sistemas econ\u00f4micos, se tamb\u00e9m adotam o materialismo e colocam o lucro acima da moral e da pessoa humana, assumem os erros do comunismo e acabam se encontrando na exclus\u00e3o de Deus. Sobre isso, no discurso inaugural do CELAM, em 13 de maio de 2007, em Aparecida, o ent\u00e3o Papa Bento XVI alertou: \u201cAqui est\u00e1 precisamente o grande erro das tend\u00eancias dominantes do \u00faltimo s\u00e9culo&#8230; Quem exclui Deus de seu horizonte, falsifica o conceito da realidade e s\u00f3 pode terminar em caminhos equivocados e com receitas destrutivas\u201d. F\u00e1tima \u00e9, sobretudo, a lembran\u00e7a de Deus e das coisas sobrenaturais aos homens de hoje.<\/p>\n<p style=\"text-align: justify\">Aos pastorinhos e a n\u00f3s, Nossa Senhora pediu a ora\u00e7\u00e3o, sobretudo a reza do Ter\u00e7o do Ros\u00e1rio todos os dias, e a penit\u00eancia, a mortifica\u00e7\u00e3o nas coisas agrad\u00e1veis e l\u00edcitas, pela convers\u00e3o dos pecadores e pela nossa santifica\u00e7\u00e3o e perseveran\u00e7a. Explicou que o pecado, al\u00e9m de ofender muito a Deus, causa muitos males aos homens, sendo a guerra uma das suas consequ\u00eancias. F\u00e1tima \u00e9 o resumo, a recapitula\u00e7\u00e3o e a recorda\u00e7\u00e3o do Evangelho para os tempos modernos. O Ros\u00e1rio, t\u00e3o recomendado por Nossa Senhora, \u00e9 a \u201cB\u00edblia dos pobres\u201d (S\u00e3o Jo\u00e3o XXIII). Sua mensagem \u00e9 sempre atual. <u>\u00c9 a m\u00e3e<\/u> que vem lembrar aos filhos o caminho do C\u00e9u.<\/p>\n<p style=\"text-align: justify\">Celebramos nesse m\u00eas o dia das M\u00e3es. Lembremo-nos de que ela \u00e9 nossa m\u00e3e do c\u00e9u, que quer o nosso bem: \u201cMaria \u00e9 a que sabe transformar, com uns poucos paninhos e uma montanha de ternura, uma gruta de animais numa casa de Jesus e \u00e9 capaz tamb\u00e9m de fazer saltar um menino no seio de sua m\u00e3e, como escutamos no Evangelho; ela \u00e9 capaz de dar-nos a alegria de Jesus. Ou seja, Maria \u00e9 fundamentalmente M\u00e3e&#8230; Sim! Maria \u00e9 M\u00e3e! Por qu\u00ea? Porque te trouxe Jesus. Maria \u00e9 M\u00e3e, primeiro, n\u00e3o se pode conceber nenhum outro t\u00edtulo de Maria que n\u00e3o seja \u2018a M\u00e3e\u2019. Ela \u00e9 M\u00e3e porque gera Jesus e nos ajuda com a for\u00e7a do Esp\u00edrito Santo a que Jesus nas\u00e7a e cres\u00e7a em n\u00f3s. \u00c9 aquela que continuamente nos est\u00e1 dando vida, \u00e9 a M\u00e3e da Igreja, \u00e9 maternidade. N\u00e3o temos direito, e se o fazemos estamos equivocados, a ter psicologia de \u00f3rf\u00e3os, ou seja, o crist\u00e3o n\u00e3o tem direito de ser \u00f3rf\u00e3o. Tem M\u00e3e, temos M\u00e3e\u201d (Papa Francisco, audi\u00eancia de 25\/10\/2014).<\/p>\n","protected":false},"excerpt":{"rendered":"<p>Dom Fernando Ar\u00eaas Rifan Bispo da Administra\u00e7\u00e3o Apost\u00f3lica Pessoal S\u00e3o Jo\u00e3o Maria Vianney Hoje celebramos Nossa Senhora de F\u00e1tima, por ser o dia da sua 1\u00aa apari\u00e7\u00e3o aos tr\u00eas pastorinhos em F\u00e1tima, cidade de Portugal. De l\u00e1, essa devo\u00e7\u00e3o se espalhou e chegou ao Brasil. E sua apari\u00e7\u00e3o se deu em plena primeira guerra mundial. &hellip;<\/p>\n<p class=\"read-more\"> <a class=\"\" href=\"https:\/\/www.cnbb.org.br\/fatima-a-mensagem\/\"> <span class=\"screen-reader-text\">F\u00e1tima, a mensagem<\/span> Leia mais &raquo;<\/a><\/p>\n","protected":false},"author":29,"featured_media":0,"comment_status":"closed","ping_status":"open","sticky":false,"template":"","format":"standard","meta":{"site-sidebar-layout":"default","site-content-layout":"default","ast-global-header-display":"","ast-banner-title-visibility":"","ast-main-header-display":"","ast-hfb-above-header-display":"","ast-hfb-below-header-display":"","ast-hfb-mobile-header-display":"","site-post-title":"","ast-breadcrumbs-content":"","ast-featured-img":"","footer-sml-layout":"","theme-transparent-header-meta":"","adv-header-id-meta":"","stick-header-meta":"","header-above-stick-meta":"","header-main-stick-meta":"","header-below-stick-meta":""},"categories":[758],"tags":[],"acf":[],"_links":{"self":[{"href":"https:\/\/www.cnbb.org.br\/cnbb-app\/wp\/v2\/posts\/238840"}],"collection":[{"href":"https:\/\/www.cnbb.org.br\/cnbb-app\/wp\/v2\/posts"}],"about":[{"href":"https:\/\/www.cnbb.org.br\/cnbb-app\/wp\/v2\/types\/post"}],"author":[{"embeddable":true,"href":"https:\/\/www.cnbb.org.br\/cnbb-app\/wp\/v2\/users\/29"}],"replies":[{"embeddable":true,"href":"https:\/\/www.cnbb.org.br\/cnbb-app\/wp\/v2\/comments?post=238840"}],"version-history":[{"count":0,"href":"https:\/\/www.cnbb.org.br\/cnbb-app\/wp\/v2\/posts\/238840\/revisions"}],"wp:attachment":[{"href":"https:\/\/www.cnbb.org.br\/cnbb-app\/wp\/v2\/media?parent=238840"}],"wp:term":[{"taxonomy":"category","embeddable":true,"href":"https:\/\/www.cnbb.org.br\/cnbb-app\/wp\/v2\/categories?post=238840"},{"taxonomy":"post_tag","embeddable":true,"href":"https:\/\/www.cnbb.org.br\/cnbb-app\/wp\/v2\/tags?post=238840"}],"curies":[{"name":"wp","href":"https:\/\/api.w.org\/{rel}","templated":true}]}}