{"id":238876,"date":"2020-05-15T15:11:04","date_gmt":"2020-05-15T18:11:04","guid":{"rendered":"https:\/\/www.cnbb.org.br\/?p=238876"},"modified":"2020-09-08T14:09:08","modified_gmt":"2020-09-08T17:09:08","slug":"no-senhor-a-esperanca","status":"publish","type":"post","link":"https:\/\/www.cnbb.org.br\/no-senhor-a-esperanca\/","title":{"rendered":"No Senhor, a esperan\u00e7a"},"content":{"rendered":"<p style=\"text-align: right\"><strong>Dom Rubens Sevilha<\/strong><br \/>\n<strong>Bispo de Bauru (SP)<\/strong><\/p>\n<p style=\"text-align: justify\">\u00a0\u00a0\u00a0 Ultimamente reclam\u00e1vamos que a vida estava demasiado agitada e r\u00e1pida demais. Ningu\u00e9m poderia imaginar a rapidez do coronav\u00edrus que, como uma freada brusca, subitamente fez o mundo parar. Estamos todos alterados pela vertigem causada pela passagem inesperada da vida agitada para o confinamento.<\/p>\n<p style=\"text-align: justify\">\u00a0\u00a0\u00a0 Canalizamos nossa nova vertigem, ou essa vaga sensa\u00e7\u00e3o ruim e de vazio que o isolamento criou em v\u00e1rios modos. Alguns a canalizam na exacerbada preocupa\u00e7\u00e3o com a dif\u00edcil situa\u00e7\u00e3o financeira que vir\u00e1, outros no neur\u00f3tico medo de ser contaminado ou de contaminar os amigos e familiares, sobretudo os idosos. Todos devemos estar, sim, cuidadosos e preocupados, mas alguns est\u00e3o surtados e surtando aqueles que est\u00e3o ao seu redor.<\/p>\n<p style=\"text-align: justify\">\u00a0\u00a0\u00a0 Mas a verdadeira vertigem \u00e9 uma s\u00f3: a profunda sensa\u00e7\u00e3o de impot\u00eancia diante dos fatos, ou seja, a percep\u00e7\u00e3o realista de que n\u00e3o podemos fazer absolutamente nada diante de uma situa\u00e7\u00e3o dif\u00edcil e angustiante. \u00c9 o fundo do po\u00e7o.<\/p>\n<p style=\"text-align: justify\">\u00a0\u00a0\u00a0 Diante disso temos duas alternativas: o desespero ou a esperan\u00e7a. Quem opta pela esperan\u00e7a, o faz apoiado em que? A esperan\u00e7a \u00e9 como uma \u00e2ncora que se agarra firmemente em algum lugar para dar o m\u00ednimo de estabilidade ao navio, enquanto a tempestade n\u00e3o passa.<\/p>\n<p style=\"text-align: justify\">\u00a0\u00a0\u00a0 A nossa esperan\u00e7a \u00e9 jogar a \u00e2ncora da nossa f\u00e9 em Deus, n\u2019Ele nos apoiarmos e n\u2019Ele encontrarmos a firmeza necess\u00e1ria para suportarmos pacientemente e, com coragem, a tempestade at\u00e9 que ela passe e venha a bonan\u00e7a. Toda tempestade sempre passa, apesar de deixar alguns estragos atr\u00e1s de si.<\/p>\n<p style=\"text-align: justify\">\u00a0\u00a0\u00a0 \u00c9 preciso decidir-se pela esperan\u00e7a e, em seguida, aliment\u00e1-la. O \u00f3leo que alimenta a chama da esperan\u00e7a \u00e9 a ora\u00e7\u00e3o. O rem\u00e9dio que cura ou alivia a dor do nosso sentimento de impot\u00eancia \u00e9 a ora\u00e7\u00e3o confiante na onipot\u00eancia amorosa de Deus. Aquele que tem f\u00e9 jamais se desesperar\u00e1 diante da fragilidade humana, pois confia e espera, corajosa e pacientemente, em Deus Pai Todo-Poderoso.<\/p>\n<p style=\"text-align: justify\">\u00a0\u00a0\u00a0 Cremos na Divina Provid\u00eancia, ou seja, sabemos que o Pai Celestial cuida de cada um dos seus filhos e filhas. Deus criou o mundo com fartura para o bem estar da humanidade, cabe a n\u00f3s administrarmos a distribui\u00e7\u00e3o justa e fraterna das riquezas que Deus criou e deixou para que toda a humanidade possa usufru\u00ed-las com sabedoria e responsabilidade. Infelizmente, n\u00f3s sempre administramos muito mal a Casa Comum que Deus criou e nos deu para cuidar e usufruir. Alguns poucos abocanham muito e outros muitos ficam com muito pouco. Resumindo, somos n\u00f3s os culpados pela mis\u00e9ria no mundo, pois Deus criou tudo em abund\u00e2ncia.<\/p>\n<p style=\"text-align: justify\">\u00a0\u00a0\u00a0 A f\u00e9 \u00e9 um dom de Deus, mas requer a nossa ades\u00e3o. A f\u00e9 implica, da nossa parte, uma decis\u00e3o, um ato de vontade, isto \u00e9, dizer com profunda honestidade: \u201cSenhor, eu quero crer, eu quero confiar plenamente em Ti. Creio, Senhor, mas aumenta a minha f\u00e9\u201d. Esse tempo de quarentena est\u00e1 sendo, tamb\u00e9m, um bom teste para a nossa f\u00e9. Se os nossos medos e emo\u00e7\u00f5es falam mais alto do que a nossa f\u00e9, significa que a nossa f\u00e9 est\u00e1 muito fraca. O crente, aconte\u00e7a o que acontecer, ouvir\u00e1 no profundo da alma: \u201cConfia ao Senhor o teu caminho, espera n\u2019Ele, e Ele agir\u00e1. Em sil\u00eancio abandona-te ao Senhor, p\u00f5e tua esperan\u00e7a n\u2019Ele\u201d (Salmo 36, 5.7). A s\u00e1bia Cora Coralina escreveu:<\/p>\n<p style=\"text-align: justify\">\u00a0\u00a0\u00a0 \u201cMesmo quando tudo parece desabar, cabe a mim decidir entre rir ou chorar, ir ou ficar, desistir ou lutar; porque descobri, no caminho incerto da vida, que o mais importante \u00e9 o decidir\u201d. Meu irm\u00e3o e minha irm\u00e3, decidam-se por Deus. Am\u00e9m.<\/p>\n","protected":false},"excerpt":{"rendered":"<p>Dom Rubens Sevilha Bispo de Bauru (SP) \u00a0\u00a0\u00a0 Ultimamente reclam\u00e1vamos que a vida estava demasiado agitada e r\u00e1pida demais. Ningu\u00e9m poderia imaginar a rapidez do coronav\u00edrus que, como uma freada brusca, subitamente fez o mundo parar. Estamos todos alterados pela vertigem causada pela passagem inesperada da vida agitada para o confinamento. \u00a0\u00a0\u00a0 Canalizamos nossa nova &hellip;<\/p>\n<p class=\"read-more\"> <a class=\"\" href=\"https:\/\/www.cnbb.org.br\/no-senhor-a-esperanca\/\"> <span class=\"screen-reader-text\">No Senhor, a esperan\u00e7a<\/span> Leia mais &raquo;<\/a><\/p>\n","protected":false},"author":91,"featured_media":0,"comment_status":"closed","ping_status":"open","sticky":false,"template":"","format":"standard","meta":{"site-sidebar-layout":"default","site-content-layout":"default","ast-global-header-display":"","ast-banner-title-visibility":"","ast-main-header-display":"","ast-hfb-above-header-display":"","ast-hfb-below-header-display":"","ast-hfb-mobile-header-display":"","site-post-title":"","ast-breadcrumbs-content":"","ast-featured-img":"","footer-sml-layout":"","theme-transparent-header-meta":"","adv-header-id-meta":"","stick-header-meta":"","header-above-stick-meta":"","header-main-stick-meta":"","header-below-stick-meta":""},"categories":[758],"tags":[],"acf":[],"_links":{"self":[{"href":"https:\/\/www.cnbb.org.br\/cnbb-app\/wp\/v2\/posts\/238876"}],"collection":[{"href":"https:\/\/www.cnbb.org.br\/cnbb-app\/wp\/v2\/posts"}],"about":[{"href":"https:\/\/www.cnbb.org.br\/cnbb-app\/wp\/v2\/types\/post"}],"author":[{"embeddable":true,"href":"https:\/\/www.cnbb.org.br\/cnbb-app\/wp\/v2\/users\/91"}],"replies":[{"embeddable":true,"href":"https:\/\/www.cnbb.org.br\/cnbb-app\/wp\/v2\/comments?post=238876"}],"version-history":[{"count":0,"href":"https:\/\/www.cnbb.org.br\/cnbb-app\/wp\/v2\/posts\/238876\/revisions"}],"wp:attachment":[{"href":"https:\/\/www.cnbb.org.br\/cnbb-app\/wp\/v2\/media?parent=238876"}],"wp:term":[{"taxonomy":"category","embeddable":true,"href":"https:\/\/www.cnbb.org.br\/cnbb-app\/wp\/v2\/categories?post=238876"},{"taxonomy":"post_tag","embeddable":true,"href":"https:\/\/www.cnbb.org.br\/cnbb-app\/wp\/v2\/tags?post=238876"}],"curies":[{"name":"wp","href":"https:\/\/api.w.org\/{rel}","templated":true}]}}