{"id":23898,"date":"2011-05-31T00:00:00","date_gmt":"2011-05-31T03:00:00","guid":{"rendered":"https:\/\/www.cnbb.org.br\/romaria-da-terra-e-das-aguas-refletira-o-processo-de-desenvolvimento-do-estado-de-rondonia\/"},"modified":"2011-05-31T00:00:00","modified_gmt":"2011-05-31T03:00:00","slug":"romaria-da-terra-e-das-aguas-refletira-o-processo-de-desenvolvimento-do-estado-de-rondonia","status":"publish","type":"post","link":"https:\/\/www.cnbb.org.br\/romaria-da-terra-e-das-aguas-refletira-o-processo-de-desenvolvimento-do-estado-de-rondonia\/","title":{"rendered":"Romaria da Terra e das \u00c1guas refletir\u00e1 o processo de desenvolvimento do estado de Rond\u00f4nia"},"content":{"rendered":"<p style=\"text-align: justify\">No dia 10 de julho acontecer\u00e1 em Rond\u00f4nia a 9\u00aa Romaria da Terra e das \u00c1guas, \u201cA \u00e1gua e o verde, vida do planeta\u201d, no distrito de Iata, em Guajar\u00e1-Mirim.<\/p>\n<p><!--more--><\/p>\n<p style=\"text-align: justify\">O distrito de Iata foi escolhido para sediar a Romaria porque corre o risco de desaparecer com a constru\u00e7\u00e3o de uma hidrel\u00e9trica\u00a0 na Cachoeira de Ribeir\u00e3o, munic\u00edpio de Guajar\u00e1-Mirim, apesar de sua import\u00e2ncia hist\u00f3rica para o estado de Rond\u00f4nia.<\/p>\n<p style=\"text-align: justify\">Para o bispo de Ji-Paran\u00e1, dom Bruno Pedron, a Romaria deste ano ter\u00e1 um significado hist\u00f3rico porque vai refletir sobre o desenvolvimento do estado. \u201cA Romaria \u00e9 sempre um momento alegre, onde o povo expressa a sua f\u00e9, seus sofrimentos e sua resist\u00eancia. Mas acima de tudo, neste ano ser\u00e1 um encontro de reflex\u00e3o sobre a hist\u00f3ria e sobre o processo de desenvolvimento de Rond\u00f4nia\u201d.<\/p>\n<p style=\"text-align: justify\">As Romarias da Terra e das \u00c1guas de Rond\u00f4nia acontecem desde 1986, sendo que este ano ela ser\u00e1 organiza pelas dioceses de Guajar\u00e1-Mirim, Ji-Paran\u00e1, Porto Velho e pelo S\u00ednodo de Amaz\u00f4nia da Igreja Luterana no Brasil (IECLB).<\/p>\n","protected":false},"excerpt":{"rendered":"<p>No dia 10 de julho acontecer\u00e1 em Rond\u00f4nia a 9\u00aa Romaria da Terra e das \u00c1guas, \u201cA \u00e1gua e o verde, vida do planeta\u201d, no distrito de Iata, em Guajar\u00e1-Mirim.<\/p>\n","protected":false},"author":83,"featured_media":23899,"comment_status":"open","ping_status":"open","sticky":false,"template":"","format":"standard","meta":{"site-sidebar-layout":"default","site-content-layout":"default","ast-global-header-display":"","ast-banner-title-visibility":"","ast-main-header-display":"","ast-hfb-above-header-display":"","ast-hfb-below-header-display":"","ast-hfb-mobile-header-display":"","site-post-title":"","ast-breadcrumbs-content":"","ast-featured-img":"","footer-sml-layout":"","theme-transparent-header-meta":"","adv-header-id-meta":"","stick-header-meta":"","header-above-stick-meta":"","header-main-stick-meta":"","header-below-stick-meta":""},"categories":[821,769],"tags":[],"acf":[],"_links":{"self":[{"href":"https:\/\/www.cnbb.org.br\/cnbb-app\/wp\/v2\/posts\/23898"}],"collection":[{"href":"https:\/\/www.cnbb.org.br\/cnbb-app\/wp\/v2\/posts"}],"about":[{"href":"https:\/\/www.cnbb.org.br\/cnbb-app\/wp\/v2\/types\/post"}],"author":[{"embeddable":true,"href":"https:\/\/www.cnbb.org.br\/cnbb-app\/wp\/v2\/users\/83"}],"replies":[{"embeddable":true,"href":"https:\/\/www.cnbb.org.br\/cnbb-app\/wp\/v2\/comments?post=23898"}],"version-history":[{"count":0,"href":"https:\/\/www.cnbb.org.br\/cnbb-app\/wp\/v2\/posts\/23898\/revisions"}],"wp:featuredmedia":[{"embeddable":true,"href":"https:\/\/www.cnbb.org.br\/cnbb-app\/wp\/v2\/media\/23899"}],"wp:attachment":[{"href":"https:\/\/www.cnbb.org.br\/cnbb-app\/wp\/v2\/media?parent=23898"}],"wp:term":[{"taxonomy":"category","embeddable":true,"href":"https:\/\/www.cnbb.org.br\/cnbb-app\/wp\/v2\/categories?post=23898"},{"taxonomy":"post_tag","embeddable":true,"href":"https:\/\/www.cnbb.org.br\/cnbb-app\/wp\/v2\/tags?post=23898"}],"curies":[{"name":"wp","href":"https:\/\/api.w.org\/{rel}","templated":true}]}}