{"id":238995,"date":"2020-05-18T20:41:52","date_gmt":"2020-05-18T23:41:52","guid":{"rendered":"https:\/\/www.cnbb.org.br\/?p=238995"},"modified":"2020-09-14T14:51:50","modified_gmt":"2020-09-14T17:51:50","slug":"mensagem-do-papa-francisco-para-106o-dia-mundial-do-migrante-e-do-refugiado-chama-atencao-para-o-drama-dos-deslocados-muitas-vezes-invisivel","status":"publish","type":"post","link":"https:\/\/www.cnbb.org.br\/mensagem-do-papa-francisco-para-106o-dia-mundial-do-migrante-e-do-refugiado-chama-atencao-para-o-drama-dos-deslocados-muitas-vezes-invisivel\/","title":{"rendered":"Papa lan\u00e7a mensagem especialmente para o 106\u00ba Dia Mundial do Migrante e do Refugiado"},"content":{"rendered":"<p style=\"text-align: justify\"><strong>\u201cFor\u00e7ados, como Jesus Cristo, a fugir\u201d<\/strong> \u00e9 a tem\u00e1tica do pr\u00f3ximo Dia Mundial do Migrante e do Refugiado, a ser celebrado no dia 20 de setembro. Ao escolher o tema, a proposta do Papa Francisco \u00e9 colocar no centro da reflex\u00e3o a experi\u00eancia de Jesus de quando era menino, que junto da fam\u00edlia foi obrigado a deixar sua terra por causa de uma persegui\u00e7\u00e3o.<\/p>\n<p style=\"text-align: justify\">O bispo de Pesqueira (PE) e referencial da Pastoral do Migrante do Setor Mobilidade Humana da Comiss\u00e3o Episcopal Pastoral para A\u00e7\u00e3o Sociotransformadora da Confer\u00eancia Nacional dos Bispos do Brasil (CNBB), dom Jos\u00e9 Luiz Ferreira Salles, disse que a inten\u00e7\u00e3o do Santo Padre com a mensagem para o 106\u00ba Dia Mundial do Migrante e do Refugiado foi chamar a aten\u00e7\u00e3o do cuidado pastoral das pessoas deslocadas internamente, principalmente, porque s\u00e3o as mais afetadas e esquecidas neste tempo de pandemia do Coronav\u00edrus.<\/p>\n<figure id=\"attachment_238996\" aria-describedby=\"caption-attachment-238996\" style=\"width: 293px\" class=\"wp-caption alignleft\"><a href=\"https:\/\/www.cnbb.org.br\/wp-content\/uploads\/2020\/05\/dom-Jos\u00e9-Luiz-Ferreira-Salles.jpg\" data-rel=\"lightbox-image-0\" data-rl_title=\"\" data-rl_caption=\"\" title=\"\"><img decoding=\"async\" loading=\"lazy\" class=\"wp-image-238996\" src=\"https:\/\/www.cnbb.org.br\/wp-content\/uploads\/2020\/05\/dom-Jos\u00e9-Luiz-Ferreira-Salles.jpg\" alt=\"\" width=\"293\" height=\"259\" srcset=\"https:\/\/www.cnbb.org.br\/wp-content\/uploads\/2020\/05\/dom-Jos\u00e9-Luiz-Ferreira-Salles.jpg 563w, https:\/\/www.cnbb.org.br\/wp-content\/uploads\/2020\/05\/dom-Jos\u00e9-Luiz-Ferreira-Salles-300x266.jpg 300w, https:\/\/www.cnbb.org.br\/wp-content\/uploads\/2020\/05\/dom-Jos\u00e9-Luiz-Ferreira-Salles-500x443.jpg 500w\" sizes=\"(max-width: 293px) 100vw, 293px\" \/><\/a><figcaption id=\"caption-attachment-238996\" class=\"wp-caption-text\"><em>Dom Jos\u00e9 Luiz Ferreira Salles. Foto: Divulga\u00e7\u00e3o<\/em><\/figcaption><\/figure>\n<p style=\"text-align: justify\"><em>\u201cQuando falamos dos deslocados internamente, estamos falando de quarenta e um milh\u00f5es de pessoas, segundo dados mais recentes, que representam uma grande por\u00e7\u00e3o das pessoas que est\u00e3o em movimento hoje, mas que n\u00e3o atravessam outros pa\u00edses. Permanecem em seu territ\u00f3rio nacional. Essa gente geralmente permanece an\u00f4nima. Eu que trabalho no Nordeste conhe\u00e7o muito bem essa situa\u00e7\u00e3o. Muita gente que saiu da nossa terra em busca de melhores condi\u00e7\u00f5es de vida para trabalhar nas grandes obras est\u00e1 voltando porque essas pessoas est\u00e3o desempregadas, est\u00e3o voltando novamente para suas comunidades\u201d, disse o bispo.<\/em><\/p>\n<p style=\"text-align: justify\">No texto da mensagem, segundo dom Jos\u00e9 Luiz, o Papa Francisco refor\u00e7a ainda que as pr\u00f3prias agendas pol\u00edticas acabaram \u201crelegando para um plano secund\u00e1rio\u201d, emerg\u00eancias humanit\u00e1rias como essa e dedicou a mensagem a todas as pessoas deslocadas internamente, mas tamb\u00e9m a quem \u201cvive experi\u00eancias de precariedade, abandono, marginaliza\u00e7\u00e3o e rejei\u00e7\u00e3o por causa do v\u00edrus da Covid-19\u201d.<\/p>\n<p style=\"text-align: justify\"><em>Para dom Jos\u00e9 Luiz \u201ctudo isso se coloca como desafios pastorais para as comunidades crist\u00e3s na miss\u00e3o de acolher, de ajudar cada pessoa a reconstruir a sua hist\u00f3ria, muitas vezes de acompanhar os processos, tamb\u00e9m de retorno as suas terras. Eu lembro aqui o trabalho do servi\u00e7o pastoral Migrantes: igrejas de origem e destino realizado h\u00e1 anos no Brasil\u201d.<\/em><\/p>\n<p style=\"text-align: justify\">De acordo com a mensagem deste ano, o ponto de partida do Papa foi inspirado na constitui\u00e7\u00e3o apost\u00f3lica <em>Exsul Fam\u00edlia<\/em> (1\/VIII\/1952), do Papa Pio XII: \u201cna sua fuga para o Egito, o menino Jesus experimenta, juntamente com seus pais, a dram\u00e1tica condi\u00e7\u00e3o de deslocado e refugiado \u2018marcada por medo, incerteza e dificuldades\u2019 (cf. Mt 2, 13-15.19-23)\u201d. Milh\u00f5es de fam\u00edlias se reconhecem nessa triste realidade, diz o Papa, \u201cem cada um deles, est\u00e1 presente Jesus, for\u00e7ado \u2013 como no tempo de Herodes \u2013 a fugir para Se salvar\u201d.<\/p>\n<p style=\"text-align: justify\">Leia a \u00edntegra da <a href=\"https:\/\/drive.google.com\/file\/d\/1pXtPrDgr9eqaCCtvxttPFU2SBWdYXVKB\/view\" target=\"_blank\" rel=\"noopener\"><strong>mensagem para o 106\u00ba Dia Mundial do Migrante e do Refugiado<\/strong><\/a><\/p>\n","protected":false},"excerpt":{"rendered":"<p>Bispo do Setor Pastoral do Migrante da CNBB diz que o Papa Francisco pede cuidado pastoral aos migrantes deslocados internamente<\/p>\n","protected":false},"author":83,"featured_media":226212,"comment_status":"closed","ping_status":"open","sticky":false,"template":"","format":"standard","meta":{"site-sidebar-layout":"default","site-content-layout":"default","ast-global-header-display":"","ast-banner-title-visibility":"","ast-main-header-display":"","ast-hfb-above-header-display":"","ast-hfb-below-header-display":"","ast-hfb-mobile-header-display":"","site-post-title":"","ast-breadcrumbs-content":"","ast-featured-img":"","footer-sml-layout":"","theme-transparent-header-meta":"","adv-header-id-meta":"","stick-header-meta":"","header-above-stick-meta":"","header-main-stick-meta":"","header-below-stick-meta":""},"categories":[863],"tags":[2596,2597,2598,2599],"acf":[],"_links":{"self":[{"href":"https:\/\/www.cnbb.org.br\/cnbb-app\/wp\/v2\/posts\/238995"}],"collection":[{"href":"https:\/\/www.cnbb.org.br\/cnbb-app\/wp\/v2\/posts"}],"about":[{"href":"https:\/\/www.cnbb.org.br\/cnbb-app\/wp\/v2\/types\/post"}],"author":[{"embeddable":true,"href":"https:\/\/www.cnbb.org.br\/cnbb-app\/wp\/v2\/users\/83"}],"replies":[{"embeddable":true,"href":"https:\/\/www.cnbb.org.br\/cnbb-app\/wp\/v2\/comments?post=238995"}],"version-history":[{"count":0,"href":"https:\/\/www.cnbb.org.br\/cnbb-app\/wp\/v2\/posts\/238995\/revisions"}],"wp:featuredmedia":[{"embeddable":true,"href":"https:\/\/www.cnbb.org.br\/cnbb-app\/wp\/v2\/media\/226212"}],"wp:attachment":[{"href":"https:\/\/www.cnbb.org.br\/cnbb-app\/wp\/v2\/media?parent=238995"}],"wp:term":[{"taxonomy":"category","embeddable":true,"href":"https:\/\/www.cnbb.org.br\/cnbb-app\/wp\/v2\/categories?post=238995"},{"taxonomy":"post_tag","embeddable":true,"href":"https:\/\/www.cnbb.org.br\/cnbb-app\/wp\/v2\/tags?post=238995"}],"curies":[{"name":"wp","href":"https:\/\/api.w.org\/{rel}","templated":true}]}}